{"id":1763,"date":"2018-04-30T00:47:54","date_gmt":"2018-04-29T23:47:54","guid":{"rendered":"http:\/\/bermudiana.es\/blog\/?p=1763"},"modified":"2020-07-02T12:09:04","modified_gmt":"2020-07-02T11:09:04","slug":"cargadores-inalambricos-como-regalo-publicitario","status":"publish","type":"post","link":"https:\/\/bermudiana.es\/blog\/cargadores-inalambricos-como-regalo-publicitario\/","title":{"rendered":"Cargadores inal\u00e1mbricos como regalo publicitario"},"content":{"rendered":"<p style=\"text-align: justify;\">La novedad m\u00e1s significativa de este a\u00f1o en el mercado del regalo publicitario <!--more-->est\u00e1 siendo la irrupci\u00f3n de los cargadores inal\u00e1mbricos.<\/p>\n<figure id=\"attachment_1766\" aria-describedby=\"caption-attachment-1766\" style=\"width: 300px\" class=\"wp-caption aligncenter\"><a href=\"http:\/\/bermudiana.es\/blog\/wp-content\/uploads\/2018\/04\/cargador-inalambrico-para-movil.jpg\"><img loading=\"lazy\" decoding=\"async\" class=\"size-medium wp-image-1766\" src=\"http:\/\/bermudiana.es\/blog\/wp-content\/uploads\/2018\/04\/cargador-inalambrico-para-movil-300x300.jpg\" alt=\"cargador-inalambrico-para-movil\" width=\"300\" height=\"300\" srcset=\"https:\/\/bermudiana.es\/blog\/wp-content\/uploads\/2018\/04\/cargador-inalambrico-para-movil-300x300.jpg 300w, https:\/\/bermudiana.es\/blog\/wp-content\/uploads\/2018\/04\/cargador-inalambrico-para-movil-150x150.jpg 150w, https:\/\/bermudiana.es\/blog\/wp-content\/uploads\/2018\/04\/cargador-inalambrico-para-movil-320x319.jpg 320w, https:\/\/bermudiana.es\/blog\/wp-content\/uploads\/2018\/04\/cargador-inalambrico-para-movil-75x75.jpg 75w, https:\/\/bermudiana.es\/blog\/wp-content\/uploads\/2018\/04\/cargador-inalambrico-para-movil-210x210.jpg 210w, https:\/\/bermudiana.es\/blog\/wp-content\/uploads\/2018\/04\/cargador-inalambrico-para-movil-145x144.jpg 145w, https:\/\/bermudiana.es\/blog\/wp-content\/uploads\/2018\/04\/cargador-inalambrico-para-movil-495x493.jpg 495w, https:\/\/bermudiana.es\/blog\/wp-content\/uploads\/2018\/04\/cargador-inalambrico-para-movil.jpg 521w\" sizes=\"auto, (max-width: 300px) 100vw, 300px\" \/><\/a><figcaption id=\"caption-attachment-1766\" class=\"wp-caption-text\">Cargador inal\u00e1mbrico.<\/figcaption><\/figure>\n<p style=\"text-align: justify;\">Son un dispositivo que transmite la energ\u00eda de la bater\u00eda que est\u00e1 en su interior al smartphone <strong>sin usar cables<\/strong>. A trav\u00e9s de una bobina que genera un campo magn\u00e9tico se env\u00eda la energ\u00eda de la bater\u00eda a un m\u00f3vil que tenga la tecnolog\u00eda Qi integrada.<\/p>\n<p style=\"text-align: justify;\">Simplemente hay que colocar el smartphone encima del cargador inal\u00e1mbrico para cargar el tel\u00e9fono.<\/p>\n<p style=\"text-align: justify;\">Cada vez son m\u00e1s los m\u00f3viles que tienen esa tecnolog\u00eda integrada. Los S7, S8 y S9 de Samsung, iPhone 8, iPhone X, Sony Speria Z, Lenovo Moto Z, etc.<\/p>\n<p style=\"text-align: justify;\">Y para los modelos que no son compatibles se a\u00f1ade un m\u00f3dulo universal que se conecta al puerto micro USB del m\u00f3vil. Se saca la carcasa posterior, se introduce el m\u00f3dulo y se vuelve a cerrar, dej\u00e1ndolo listo para aprovechar las ventajas de la carga inal\u00e1mbrica.<\/p>\n<figure id=\"attachment_1769\" aria-describedby=\"caption-attachment-1769\" style=\"width: 300px\" class=\"wp-caption aligncenter\"><a href=\"http:\/\/bermudiana.es\/blog\/wp-content\/uploads\/2018\/04\/modulo-universal-para-cargador-inalambrico.jpg\"><img loading=\"lazy\" decoding=\"async\" class=\"size-medium wp-image-1769\" src=\"http:\/\/bermudiana.es\/blog\/wp-content\/uploads\/2018\/04\/modulo-universal-para-cargador-inalambrico-300x122.jpg\" alt=\"modulo-universal-para-cargador-inalambrico\" width=\"300\" height=\"122\" srcset=\"https:\/\/bermudiana.es\/blog\/wp-content\/uploads\/2018\/04\/modulo-universal-para-cargador-inalambrico-300x122.jpg 300w, https:\/\/bermudiana.es\/blog\/wp-content\/uploads\/2018\/04\/modulo-universal-para-cargador-inalambrico-320x131.jpg 320w, https:\/\/bermudiana.es\/blog\/wp-content\/uploads\/2018\/04\/modulo-universal-para-cargador-inalambrico-145x59.jpg 145w, https:\/\/bermudiana.es\/blog\/wp-content\/uploads\/2018\/04\/modulo-universal-para-cargador-inalambrico-495x202.jpg 495w, https:\/\/bermudiana.es\/blog\/wp-content\/uploads\/2018\/04\/modulo-universal-para-cargador-inalambrico.jpg 534w\" sizes=\"auto, (max-width: 300px) 100vw, 300px\" \/><\/a><figcaption id=\"caption-attachment-1769\" class=\"wp-caption-text\">M\u00f3dulos universales para Android y Apple.<\/figcaption><\/figure>\n<h2 style=\"text-align: justify;\">\u00bfCu\u00e1les son las ventajas de este producto?<\/h2>\n<ul>\n<li style=\"text-align: justify;\">Aporta la <strong>comodidad<\/strong> de cargar el m\u00f3vil simplemente coloc\u00e1ndolo encima del cargador.<\/li>\n<li style=\"text-align: justify;\">Un mismo cargador sirve para<strong> todos<\/strong> los m\u00f3viles.<\/li>\n<li style=\"text-align: justify;\">El cargador inal\u00e1mbrico se puede incorporar en otros productos como, por ejemplo, soportes para m\u00f3vil o l\u00e1mparas de escritorio.<\/li>\n<\/ul>\n<figure id=\"attachment_1765\" aria-describedby=\"caption-attachment-1765\" style=\"width: 300px\" class=\"wp-caption aligncenter\"><a href=\"http:\/\/bermudiana.es\/blog\/wp-content\/uploads\/2018\/04\/Cargador-inalambrico-lampara.jpg\"><img loading=\"lazy\" decoding=\"async\" class=\"size-medium wp-image-1765\" src=\"http:\/\/bermudiana.es\/blog\/wp-content\/uploads\/2018\/04\/Cargador-inalambrico-lampara-300x300.jpg\" alt=\"Cargador inalambrico lampara\" width=\"300\" height=\"300\" srcset=\"https:\/\/bermudiana.es\/blog\/wp-content\/uploads\/2018\/04\/Cargador-inalambrico-lampara-300x300.jpg 300w, https:\/\/bermudiana.es\/blog\/wp-content\/uploads\/2018\/04\/Cargador-inalambrico-lampara-150x150.jpg 150w, https:\/\/bermudiana.es\/blog\/wp-content\/uploads\/2018\/04\/Cargador-inalambrico-lampara-320x320.jpg 320w, https:\/\/bermudiana.es\/blog\/wp-content\/uploads\/2018\/04\/Cargador-inalambrico-lampara-75x75.jpg 75w, https:\/\/bermudiana.es\/blog\/wp-content\/uploads\/2018\/04\/Cargador-inalambrico-lampara-210x210.jpg 210w, https:\/\/bermudiana.es\/blog\/wp-content\/uploads\/2018\/04\/Cargador-inalambrico-lampara-145x145.jpg 145w, https:\/\/bermudiana.es\/blog\/wp-content\/uploads\/2018\/04\/Cargador-inalambrico-lampara-495x495.jpg 495w, https:\/\/bermudiana.es\/blog\/wp-content\/uploads\/2018\/04\/Cargador-inalambrico-lampara.jpg 600w\" sizes=\"auto, (max-width: 300px) 100vw, 300px\" \/><\/a><figcaption id=\"caption-attachment-1765\" class=\"wp-caption-text\">L\u00e1mpara de escritorio con cargador inal\u00e1mbrico en la base.<\/figcaption><\/figure>\n<h2>\u00bfCu\u00e1l es el valor de los cargadores inal\u00e1mbricos como regalo publicitario?<\/h2>\n<ul>\n<li style=\"text-align: justify;\">Juntan la <strong>utilidad<\/strong> de un cargador de bater\u00eda con la <strong>comodidad<\/strong> de prescindir de cables.<\/li>\n<li style=\"text-align: justify;\">En los incorporados en otros productos aportan dos utilidades en el mismo regalo.<\/li>\n<li style=\"text-align: justify;\">Tienen una amplia superficie de <strong>personalizaci\u00f3n<\/strong>.<\/li>\n<li style=\"text-align: justify;\">Cada vez m\u00e1s fabricantes est\u00e1n incorporando el est\u00e1ndar Qi de carga inal\u00e1mbrica en sus nuevos lanzamientos incrementando de esa manera el parque de dispositivos.<\/li>\n<\/ul>\n<p style=\"text-align: justify;\">En el post <span style=\"color: #0000ff;\"><a style=\"color: #0000ff;\" href=\"http:\/\/bermudiana.es\/blog\/nueva-categoria-de-articulos-publicitarios\/\" target=\"_blank\" rel=\"noopener noreferrer\">Power banks: Nueva categor\u00eda de art\u00edculos publicitarios<\/a>\u00a0<span style=\"color: #000000;\">de este Blog encontrar\u00e1s informaci\u00f3n de los cargadores para m\u00f3vil, que fueron la fase anterior a los que presentamos en este post.<\/span><\/span><\/p>\n<p style=\"text-align: justify;\">Y en la categor\u00eda <span style=\"color: #0000ff;\"><a style=\"color: #0000ff;\" href=\"http:\/\/bermudiana.es\/206-power-banks-cargadores\" target=\"_blank\" rel=\"noopener noreferrer\">Power banks, Cargadores<\/a><\/span> ver\u00e1s el surtido de productos de nuestra web.<\/p>\n<p style=\"text-align: justify;\">Fuente: Bermudiana, S.L.<\/p>\n<p>&nbsp;<\/p>\n<p>&nbsp;<\/p>\n<p>&nbsp;<\/p>\n","protected":false},"excerpt":{"rendered":"<p>La novedad m\u00e1s significativa de este a\u00f1o en el mercado del regalo publicitario<\/p>\n","protected":false},"author":2,"featured_media":1767,"comment_status":"open","ping_status":"open","sticky":false,"template":"","format":"standard","meta":{"footnotes":""},"categories":[6],"tags":[],"class_list":["post-1763","post","type-post","status-publish","format-standard","has-post-thumbnail","hentry","category-el-regalo-promocional"],"yoast_head":"<!-- This site is optimized with the Yoast SEO plugin v24.9 - https:\/\/yoast.com\/wordpress\/plugins\/seo\/ -->\n<title>Cargadores inalambricos y regalo de empresa|Blog Bermudiana<\/title>\n<meta name=\"description\" content=\"Cargadores inalambricos para cargar el m\u00f3vil coloc\u00e1ndolo encima del dispositivo son personalizables como regalo publicitario con la imagen de tu empresa.\" \/>\n<meta name=\"robots\" content=\"index, follow, max-snippet:-1, max-image-preview:large, max-video-preview:-1\" \/>\n<link rel=\"canonical\" href=\"https:\/\/bermudiana.es\/blog\/cargadores-inalambricos-como-regalo-publicitario\/\" \/>\n<meta property=\"og:locale\" content=\"es_ES\" \/>\n<meta property=\"og:type\" content=\"article\" \/>\n<meta property=\"og:title\" content=\"Cargadores inalambricos y regalo de empresa|Blog Bermudiana\" \/>\n<meta property=\"og:description\" content=\"Cargadores inalambricos para cargar el m\u00f3vil coloc\u00e1ndolo encima del dispositivo son personalizables como regalo publicitario con la imagen de tu empresa.\" \/>\n<meta property=\"og:url\" content=\"https:\/\/bermudiana.es\/blog\/cargadores-inalambricos-como-regalo-publicitario\/\" \/>\n<meta property=\"og:site_name\" content=\"Blog del regalo publicitario, regalo de empresa y merchandising\" \/>\n<meta property=\"article:published_time\" content=\"2018-04-29T23:47:54+00:00\" \/>\n<meta property=\"article:modified_time\" content=\"2020-07-02T11:09:04+00:00\" \/>\n<meta property=\"og:image\" content=\"https:\/\/bermudiana.es\/blog\/wp-content\/uploads\/2018\/04\/cargador-inalambrico-puertos-USB.jpg\" \/>\n\t<meta property=\"og:image:width\" content=\"714\" \/>\n\t<meta property=\"og:image:height\" content=\"680\" \/>\n\t<meta property=\"og:image:type\" content=\"image\/jpeg\" \/>\n<meta name=\"author\" content=\"Jos\u00e9 M\u00aa Gonzalez Prat\" \/>\n<meta name=\"twitter:card\" content=\"summary_large_image\" \/>\n<meta name=\"twitter:label1\" content=\"Escrito por\" \/>\n\t<meta name=\"twitter:data1\" content=\"Jos\u00e9 M\u00aa Gonzalez Prat\" \/>\n\t<meta name=\"twitter:label2\" content=\"Tiempo de lectura\" \/>\n\t<meta name=\"twitter:data2\" content=\"2 minutos\" \/>\n<script type=\"application\/ld+json\" class=\"yoast-schema-graph\">{\"@context\":\"https:\/\/schema.org\",\"@graph\":[{\"@type\":\"Article\",\"@id\":\"https:\/\/bermudiana.es\/blog\/cargadores-inalambricos-como-regalo-publicitario\/#article\",\"isPartOf\":{\"@id\":\"https:\/\/bermudiana.es\/blog\/cargadores-inalambricos-como-regalo-publicitario\/\"},\"author\":{\"name\":\"Jos\u00e9 M\u00aa Gonzalez Prat\",\"@id\":\"https:\/\/bermudiana.es\/blog\/#\/schema\/person\/a7c9d26e4faf9b9b6e548dbff80e5559\"},\"headline\":\"Cargadores inal\u00e1mbricos como regalo publicitario\",\"datePublished\":\"2018-04-29T23:47:54+00:00\",\"dateModified\":\"2020-07-02T11:09:04+00:00\",\"mainEntityOfPage\":{\"@id\":\"https:\/\/bermudiana.es\/blog\/cargadores-inalambricos-como-regalo-publicitario\/\"},\"wordCount\":418,\"commentCount\":0,\"publisher\":{\"@id\":\"https:\/\/bermudiana.es\/blog\/#organization\"},\"image\":{\"@id\":\"https:\/\/bermudiana.es\/blog\/cargadores-inalambricos-como-regalo-publicitario\/#primaryimage\"},\"thumbnailUrl\":\"https:\/\/bermudiana.es\/blog\/wp-content\/uploads\/2018\/04\/cargador-inalambrico-puertos-USB.jpg\",\"articleSection\":[\"El regalo promocional\"],\"inLanguage\":\"es\",\"potentialAction\":[{\"@type\":\"CommentAction\",\"name\":\"Comment\",\"target\":[\"https:\/\/bermudiana.es\/blog\/cargadores-inalambricos-como-regalo-publicitario\/#respond\"]}]},{\"@type\":\"WebPage\",\"@id\":\"https:\/\/bermudiana.es\/blog\/cargadores-inalambricos-como-regalo-publicitario\/\",\"url\":\"https:\/\/bermudiana.es\/blog\/cargadores-inalambricos-como-regalo-publicitario\/\",\"name\":\"Cargadores inalambricos y regalo de empresa|Blog Bermudiana\",\"isPartOf\":{\"@id\":\"https:\/\/bermudiana.es\/blog\/#website\"},\"primaryImageOfPage\":{\"@id\":\"https:\/\/bermudiana.es\/blog\/cargadores-inalambricos-como-regalo-publicitario\/#primaryimage\"},\"image\":{\"@id\":\"https:\/\/bermudiana.es\/blog\/cargadores-inalambricos-como-regalo-publicitario\/#primaryimage\"},\"thumbnailUrl\":\"https:\/\/bermudiana.es\/blog\/wp-content\/uploads\/2018\/04\/cargador-inalambrico-puertos-USB.jpg\",\"datePublished\":\"2018-04-29T23:47:54+00:00\",\"dateModified\":\"2020-07-02T11:09:04+00:00\",\"description\":\"Cargadores inalambricos para cargar el m\u00f3vil coloc\u00e1ndolo encima del dispositivo son personalizables como regalo publicitario con la imagen de tu empresa.\",\"breadcrumb\":{\"@id\":\"https:\/\/bermudiana.es\/blog\/cargadores-inalambricos-como-regalo-publicitario\/#breadcrumb\"},\"inLanguage\":\"es\",\"potentialAction\":[{\"@type\":\"ReadAction\",\"target\":[\"https:\/\/bermudiana.es\/blog\/cargadores-inalambricos-como-regalo-publicitario\/\"]}]},{\"@type\":\"ImageObject\",\"inLanguage\":\"es\",\"@id\":\"https:\/\/bermudiana.es\/blog\/cargadores-inalambricos-como-regalo-publicitario\/#primaryimage\",\"url\":\"https:\/\/bermudiana.es\/blog\/wp-content\/uploads\/2018\/04\/cargador-inalambrico-puertos-USB.jpg\",\"contentUrl\":\"https:\/\/bermudiana.es\/blog\/wp-content\/uploads\/2018\/04\/cargador-inalambrico-puertos-USB.jpg\",\"width\":714,\"height\":680,\"caption\":\"cargador-inalambrico-puertos-USB\"},{\"@type\":\"BreadcrumbList\",\"@id\":\"https:\/\/bermudiana.es\/blog\/cargadores-inalambricos-como-regalo-publicitario\/#breadcrumb\",\"itemListElement\":[{\"@type\":\"ListItem\",\"position\":1,\"name\":\"Portada\",\"item\":\"https:\/\/bermudiana.es\/blog\/\"},{\"@type\":\"ListItem\",\"position\":2,\"name\":\"Cargadores inal\u00e1mbricos como regalo publicitario\"}]},{\"@type\":\"WebSite\",\"@id\":\"https:\/\/bermudiana.es\/blog\/#website\",\"url\":\"https:\/\/bermudiana.es\/blog\/\",\"name\":\"Blog del regalo publicitario, regalo de empresa y merchandising\",\"description\":\"\",\"publisher\":{\"@id\":\"https:\/\/bermudiana.es\/blog\/#organization\"},\"potentialAction\":[{\"@type\":\"SearchAction\",\"target\":{\"@type\":\"EntryPoint\",\"urlTemplate\":\"https:\/\/bermudiana.es\/blog\/?s={search_term_string}\"},\"query-input\":{\"@type\":\"PropertyValueSpecification\",\"valueRequired\":true,\"valueName\":\"search_term_string\"}}],\"inLanguage\":\"es\"},{\"@type\":\"Organization\",\"@id\":\"https:\/\/bermudiana.es\/blog\/#organization\",\"name\":\"Bermudiana, S.L.\",\"url\":\"https:\/\/bermudiana.es\/blog\/\",\"logo\":{\"@type\":\"ImageObject\",\"inLanguage\":\"es\",\"@id\":\"https:\/\/bermudiana.es\/blog\/#\/schema\/logo\/image\/\",\"url\":\"https:\/\/bermudiana.es\/blog\/wp-content\/uploads\/2018\/09\/Logo-Blog-BMD.jpg\",\"contentUrl\":\"https:\/\/bermudiana.es\/blog\/wp-content\/uploads\/2018\/09\/Logo-Blog-BMD.jpg\",\"width\":308,\"height\":79,\"caption\":\"Bermudiana, S.L.\"},\"image\":{\"@id\":\"https:\/\/bermudiana.es\/blog\/#\/schema\/logo\/image\/\"}},{\"@type\":\"Person\",\"@id\":\"https:\/\/bermudiana.es\/blog\/#\/schema\/person\/a7c9d26e4faf9b9b6e548dbff80e5559\",\"name\":\"Jos\u00e9 M\u00aa Gonzalez Prat\",\"image\":{\"@type\":\"ImageObject\",\"inLanguage\":\"es\",\"@id\":\"https:\/\/bermudiana.es\/blog\/#\/schema\/person\/image\/\",\"url\":\"https:\/\/secure.gravatar.com\/avatar\/ad95bbf9ac78eec00ca510b783c3bd44?s=96&d=mm&r=g\",\"contentUrl\":\"https:\/\/secure.gravatar.com\/avatar\/ad95bbf9ac78eec00ca510b783c3bd44?s=96&d=mm&r=g\",\"caption\":\"Jos\u00e9 M\u00aa Gonzalez Prat\"},\"sameAs\":[\"http:\/\/bermudiana.es\"],\"url\":\"https:\/\/bermudiana.es\/blog\/author\/jmgonzalez\/\"}]}<\/script>\n<!-- \/ Yoast SEO plugin. -->","yoast_head_json":{"title":"Cargadores inalambricos y regalo de empresa|Blog Bermudiana","description":"Cargadores inalambricos para cargar el m\u00f3vil coloc\u00e1ndolo encima del dispositivo son personalizables como regalo publicitario con la imagen de tu empresa.","robots":{"index":"index","follow":"follow","max-snippet":"max-snippet:-1","max-image-preview":"max-image-preview:large","max-video-preview":"max-video-preview:-1"},"canonical":"https:\/\/bermudiana.es\/blog\/cargadores-inalambricos-como-regalo-publicitario\/","og_locale":"es_ES","og_type":"article","og_title":"Cargadores inalambricos y regalo de empresa|Blog Bermudiana","og_description":"Cargadores inalambricos para cargar el m\u00f3vil coloc\u00e1ndolo encima del dispositivo son personalizables como regalo publicitario con la imagen de tu empresa.","og_url":"https:\/\/bermudiana.es\/blog\/cargadores-inalambricos-como-regalo-publicitario\/","og_site_name":"Blog del regalo publicitario, regalo de empresa y merchandising","article_published_time":"2018-04-29T23:47:54+00:00","article_modified_time":"2020-07-02T11:09:04+00:00","og_image":[{"width":714,"height":680,"url":"https:\/\/bermudiana.es\/blog\/wp-content\/uploads\/2018\/04\/cargador-inalambrico-puertos-USB.jpg","type":"image\/jpeg"}],"author":"Jos\u00e9 M\u00aa Gonzalez Prat","twitter_card":"summary_large_image","twitter_misc":{"Escrito por":"Jos\u00e9 M\u00aa Gonzalez Prat","Tiempo de lectura":"2 minutos"},"schema":{"@context":"https:\/\/schema.org","@graph":[{"@type":"Article","@id":"https:\/\/bermudiana.es\/blog\/cargadores-inalambricos-como-regalo-publicitario\/#article","isPartOf":{"@id":"https:\/\/bermudiana.es\/blog\/cargadores-inalambricos-como-regalo-publicitario\/"},"author":{"name":"Jos\u00e9 M\u00aa Gonzalez Prat","@id":"https:\/\/bermudiana.es\/blog\/#\/schema\/person\/a7c9d26e4faf9b9b6e548dbff80e5559"},"headline":"Cargadores inal\u00e1mbricos como regalo publicitario","datePublished":"2018-04-29T23:47:54+00:00","dateModified":"2020-07-02T11:09:04+00:00","mainEntityOfPage":{"@id":"https:\/\/bermudiana.es\/blog\/cargadores-inalambricos-como-regalo-publicitario\/"},"wordCount":418,"commentCount":0,"publisher":{"@id":"https:\/\/bermudiana.es\/blog\/#organization"},"image":{"@id":"https:\/\/bermudiana.es\/blog\/cargadores-inalambricos-como-regalo-publicitario\/#primaryimage"},"thumbnailUrl":"https:\/\/bermudiana.es\/blog\/wp-content\/uploads\/2018\/04\/cargador-inalambrico-puertos-USB.jpg","articleSection":["El regalo promocional"],"inLanguage":"es","potentialAction":[{"@type":"CommentAction","name":"Comment","target":["https:\/\/bermudiana.es\/blog\/cargadores-inalambricos-como-regalo-publicitario\/#respond"]}]},{"@type":"WebPage","@id":"https:\/\/bermudiana.es\/blog\/cargadores-inalambricos-como-regalo-publicitario\/","url":"https:\/\/bermudiana.es\/blog\/cargadores-inalambricos-como-regalo-publicitario\/","name":"Cargadores inalambricos y regalo de empresa|Blog Bermudiana","isPartOf":{"@id":"https:\/\/bermudiana.es\/blog\/#website"},"primaryImageOfPage":{"@id":"https:\/\/bermudiana.es\/blog\/cargadores-inalambricos-como-regalo-publicitario\/#primaryimage"},"image":{"@id":"https:\/\/bermudiana.es\/blog\/cargadores-inalambricos-como-regalo-publicitario\/#primaryimage"},"thumbnailUrl":"https:\/\/bermudiana.es\/blog\/wp-content\/uploads\/2018\/04\/cargador-inalambrico-puertos-USB.jpg","datePublished":"2018-04-29T23:47:54+00:00","dateModified":"2020-07-02T11:09:04+00:00","description":"Cargadores inalambricos para cargar el m\u00f3vil coloc\u00e1ndolo encima del dispositivo son personalizables como regalo publicitario con la imagen de tu empresa.","breadcrumb":{"@id":"https:\/\/bermudiana.es\/blog\/cargadores-inalambricos-como-regalo-publicitario\/#breadcrumb"},"inLanguage":"es","potentialAction":[{"@type":"ReadAction","target":["https:\/\/bermudiana.es\/blog\/cargadores-inalambricos-como-regalo-publicitario\/"]}]},{"@type":"ImageObject","inLanguage":"es","@id":"https:\/\/bermudiana.es\/blog\/cargadores-inalambricos-como-regalo-publicitario\/#primaryimage","url":"https:\/\/bermudiana.es\/blog\/wp-content\/uploads\/2018\/04\/cargador-inalambrico-puertos-USB.jpg","contentUrl":"https:\/\/bermudiana.es\/blog\/wp-content\/uploads\/2018\/04\/cargador-inalambrico-puertos-USB.jpg","width":714,"height":680,"caption":"cargador-inalambrico-puertos-USB"},{"@type":"BreadcrumbList","@id":"https:\/\/bermudiana.es\/blog\/cargadores-inalambricos-como-regalo-publicitario\/#breadcrumb","itemListElement":[{"@type":"ListItem","position":1,"name":"Portada","item":"https:\/\/bermudiana.es\/blog\/"},{"@type":"ListItem","position":2,"name":"Cargadores inal\u00e1mbricos como regalo publicitario"}]},{"@type":"WebSite","@id":"https:\/\/bermudiana.es\/blog\/#website","url":"https:\/\/bermudiana.es\/blog\/","name":"Blog del regalo publicitario, regalo de empresa y merchandising","description":"","publisher":{"@id":"https:\/\/bermudiana.es\/blog\/#organization"},"potentialAction":[{"@type":"SearchAction","target":{"@type":"EntryPoint","urlTemplate":"https:\/\/bermudiana.es\/blog\/?s={search_term_string}"},"query-input":{"@type":"PropertyValueSpecification","valueRequired":true,"valueName":"search_term_string"}}],"inLanguage":"es"},{"@type":"Organization","@id":"https:\/\/bermudiana.es\/blog\/#organization","name":"Bermudiana, S.L.","url":"https:\/\/bermudiana.es\/blog\/","logo":{"@type":"ImageObject","inLanguage":"es","@id":"https:\/\/bermudiana.es\/blog\/#\/schema\/logo\/image\/","url":"https:\/\/bermudiana.es\/blog\/wp-content\/uploads\/2018\/09\/Logo-Blog-BMD.jpg","contentUrl":"https:\/\/bermudiana.es\/blog\/wp-content\/uploads\/2018\/09\/Logo-Blog-BMD.jpg","width":308,"height":79,"caption":"Bermudiana, S.L."},"image":{"@id":"https:\/\/bermudiana.es\/blog\/#\/schema\/logo\/image\/"}},{"@type":"Person","@id":"https:\/\/bermudiana.es\/blog\/#\/schema\/person\/a7c9d26e4faf9b9b6e548dbff80e5559","name":"Jos\u00e9 M\u00aa Gonzalez Prat","image":{"@type":"ImageObject","inLanguage":"es","@id":"https:\/\/bermudiana.es\/blog\/#\/schema\/person\/image\/","url":"https:\/\/secure.gravatar.com\/avatar\/ad95bbf9ac78eec00ca510b783c3bd44?s=96&d=mm&r=g","contentUrl":"https:\/\/secure.gravatar.com\/avatar\/ad95bbf9ac78eec00ca510b783c3bd44?s=96&d=mm&r=g","caption":"Jos\u00e9 M\u00aa Gonzalez Prat"},"sameAs":["http:\/\/bermudiana.es"],"url":"https:\/\/bermudiana.es\/blog\/author\/jmgonzalez\/"}]}},"post_mailing_queue_ids":[],"_links":{"self":[{"href":"https:\/\/bermudiana.es\/blog\/wp-json\/wp\/v2\/posts\/1763","targetHints":{"allow":["GET"]}}],"collection":[{"href":"https:\/\/bermudiana.es\/blog\/wp-json\/wp\/v2\/posts"}],"about":[{"href":"https:\/\/bermudiana.es\/blog\/wp-json\/wp\/v2\/types\/post"}],"author":[{"embeddable":true,"href":"https:\/\/bermudiana.es\/blog\/wp-json\/wp\/v2\/users\/2"}],"replies":[{"embeddable":true,"href":"https:\/\/bermudiana.es\/blog\/wp-json\/wp\/v2\/comments?post=1763"}],"version-history":[{"count":10,"href":"https:\/\/bermudiana.es\/blog\/wp-json\/wp\/v2\/posts\/1763\/revisions"}],"predecessor-version":[{"id":2383,"href":"https:\/\/bermudiana.es\/blog\/wp-json\/wp\/v2\/posts\/1763\/revisions\/2383"}],"wp:featuredmedia":[{"embeddable":true,"href":"https:\/\/bermudiana.es\/blog\/wp-json\/wp\/v2\/media\/1767"}],"wp:attachment":[{"href":"https:\/\/bermudiana.es\/blog\/wp-json\/wp\/v2\/media?parent=1763"}],"wp:term":[{"taxonomy":"category","embeddable":true,"href":"https:\/\/bermudiana.es\/blog\/wp-json\/wp\/v2\/categories?post=1763"},{"taxonomy":"post_tag","embeddable":true,"href":"https:\/\/bermudiana.es\/blog\/wp-json\/wp\/v2\/tags?post=1763"}],"curies":[{"name":"wp","href":"https:\/\/api.w.org\/{rel}","templated":true}]}}