{"id":2613,"date":"2021-03-30T21:52:05","date_gmt":"2021-03-30T20:52:05","guid":{"rendered":"https:\/\/bermudiana.es\/blog\/?p=2613"},"modified":"2021-03-30T21:52:05","modified_gmt":"2021-03-30T20:52:05","slug":"nuevo-material-ecologico-para-los-regalos-publicitarios","status":"publish","type":"post","link":"https:\/\/bermudiana.es\/blog\/nuevo-material-ecologico-para-los-regalos-publicitarios\/","title":{"rendered":"Nuevo material ecol\u00f3gico para los regalos publicitarios"},"content":{"rendered":"<p>Pensando en la protecci\u00f3n del medio ambiente y <!--more-->en el m\u00e1ximo aprovechamiento de recursos se hay un nuevo material de cultivo org\u00e1nico que debidamente procesado se utiliza en la fabricaci\u00f3n de productos textiles.<\/p>\n<p>Este material es el <strong>c\u00e1\u00f1amo<\/strong>, el tallo de la planta \u00abcannabis sativa\u00bb, que genera una de las <strong>fibras vegetales m\u00e1s resistentes y duraderas<\/strong>.<\/p>\n<p>El <strong>cultivo es org\u00e1nico<\/strong> y no hace falta el uso de pesticidas. Necesita un 50% menos de tierra y un 65% menos de agua que el algod\u00f3n. Para la misma cantidad se usan muchos menos recursos naturales.<\/p>\n<p>La parte de la planta no usada se utiliza como fertilizante natural para otros cultivos.<\/p>\n<p>Dadas sus caracter\u00edsticas y beneficios este material se est\u00e1 empezando a utilizar en la producci\u00f3n de productos textiles pensados para el mercado publicitario.<\/p>\n<p>En este post presentamos 5 productos fabricados con c\u00e1\u00f1amo que se puede personalizar con la imagen de tu empresa, producto o evento como regalo promocional:<\/p>\n<ul>\n<li>La <strong>mochila de cuerdas<\/strong> de 38 x 42 cm que ilustra este post est\u00e1 fabricada con 100% c\u00e1\u00f1amo de 200 gr\/m2 y tiene un surtido de 6 colores diferentes. La personalizaci\u00f3n se puede hacer con serigraf\u00eda o con transfer, serigr\u00e1fico o digital.<\/li>\n<li>La <strong>gorra<\/strong> de la foto inferior, de 5 paneles, de tacto suave est\u00e1 fabricada con 100% c\u00e1\u00f1amo de 370 gr\/m2, hebilla met\u00e1lica ajustable en la parte de atr\u00e1s y surtido de 5 colores. Igual que con otras gorras se puede personalizar con bordado, serigraf\u00eda, transfer serigr\u00e1fico o transfer digital.<a href=\"https:\/\/bermudiana.es\/blog\/wp-content\/uploads\/2021\/03\/gorra-publicitaria-de-ca\u00f1amo.jpg\"><img loading=\"lazy\" decoding=\"async\" class=\"size-medium wp-image-2610 aligncenter\" src=\"https:\/\/bermudiana.es\/blog\/wp-content\/uploads\/2021\/03\/gorra-publicitaria-de-ca\u00f1amo-300x200.jpg\" alt=\"gorra-publicitaria-de-ca\u00f1amo de color negro\" width=\"300\" height=\"200\" srcset=\"https:\/\/bermudiana.es\/blog\/wp-content\/uploads\/2021\/03\/gorra-publicitaria-de-ca\u00f1amo-300x200.jpg 300w, https:\/\/bermudiana.es\/blog\/wp-content\/uploads\/2021\/03\/gorra-publicitaria-de-ca\u00f1amo.jpg 600w\" sizes=\"auto, (max-width: 300px) 100vw, 300px\" \/><\/a><\/li>\n<li>En la siguiente foto ver\u00e1s una <strong>bolsa de asas largas<\/strong> de 38 x 42 x 10 cm fabricada con 100% c\u00e1\u00f1amo de 200 gr\/m2. Tiene un surtido de 5 colores diferentes y se personaliza con transfer serigr\u00e1fico, transfer digital o serigraf\u00eda.<a href=\"https:\/\/bermudiana.es\/blog\/wp-content\/uploads\/2021\/03\/bolsa-publicitaria-de-ca\u00f1amo-1.jpg\"><img loading=\"lazy\" decoding=\"async\" class=\"size-medium wp-image-2618 aligncenter\" src=\"https:\/\/bermudiana.es\/blog\/wp-content\/uploads\/2021\/03\/bolsa-publicitaria-de-ca\u00f1amo-1-300x300.jpg\" alt=\"bolsa-publicitaria-de-ca\u00f1amo de asas largas de color beige\" width=\"300\" height=\"300\" srcset=\"https:\/\/bermudiana.es\/blog\/wp-content\/uploads\/2021\/03\/bolsa-publicitaria-de-ca\u00f1amo-1-300x300.jpg 300w, https:\/\/bermudiana.es\/blog\/wp-content\/uploads\/2021\/03\/bolsa-publicitaria-de-ca\u00f1amo-1-150x150.jpg 150w, https:\/\/bermudiana.es\/blog\/wp-content\/uploads\/2021\/03\/bolsa-publicitaria-de-ca\u00f1amo-1.jpg 600w\" sizes=\"auto, (max-width: 300px) 100vw, 300px\" \/><\/a><\/li>\n<li>El <strong>delantal<\/strong> de la foto inferior, de 98 x 69 cm, tambi\u00e9n est\u00e1 fabricado con 100% c\u00e1\u00f1amo de 200 gr\/m2 y tiene dos bolsillos grandes.<a href=\"https:\/\/bermudiana.es\/blog\/wp-content\/uploads\/2021\/03\/delantal-de-cocina-de-ca\u00f1amo-personalizado-1.jpg\"><img loading=\"lazy\" decoding=\"async\" class=\"size-medium wp-image-2619 aligncenter\" src=\"https:\/\/bermudiana.es\/blog\/wp-content\/uploads\/2021\/03\/delantal-de-cocina-de-ca\u00f1amo-personalizado-1-300x300.jpg\" alt=\"delantal-de-cocina-de-ca\u00f1amo-de color verde personalizado con logo de color marron\" width=\"300\" height=\"300\" srcset=\"https:\/\/bermudiana.es\/blog\/wp-content\/uploads\/2021\/03\/delantal-de-cocina-de-ca\u00f1amo-personalizado-1-300x300.jpg 300w, https:\/\/bermudiana.es\/blog\/wp-content\/uploads\/2021\/03\/delantal-de-cocina-de-ca\u00f1amo-personalizado-1-150x150.jpg 150w, https:\/\/bermudiana.es\/blog\/wp-content\/uploads\/2021\/03\/delantal-de-cocina-de-ca\u00f1amo-personalizado-1.jpg 600w\" sizes=\"auto, (max-width: 300px) 100vw, 300px\" \/><\/a><\/li>\n<li>Por \u00faltimo el <strong>neceser<\/strong> de viaje, de doble cremallera, de 100% c\u00e1\u00f1amo de 200 gr\/m2 tiene un surtido de 6 colores diferentes y se personaliza con serigraf\u00eda a 1 color o transfer (serigr\u00e1fico o digital).<a href=\"https:\/\/bermudiana.es\/blog\/wp-content\/uploads\/2021\/03\/neceser-personalizado-de-ca\u00f1amo.jpg\"><img loading=\"lazy\" decoding=\"async\" class=\"size-medium wp-image-2612 aligncenter\" src=\"https:\/\/bermudiana.es\/blog\/wp-content\/uploads\/2021\/03\/neceser-personalizado-de-ca\u00f1amo-300x200.jpg\" alt=\"neceser-personalizado-de-ca\u00f1amo de color gris en fondo blanco\" width=\"300\" height=\"200\" srcset=\"https:\/\/bermudiana.es\/blog\/wp-content\/uploads\/2021\/03\/neceser-personalizado-de-ca\u00f1amo-300x200.jpg 300w, https:\/\/bermudiana.es\/blog\/wp-content\/uploads\/2021\/03\/neceser-personalizado-de-ca\u00f1amo.jpg 600w\" sizes=\"auto, (max-width: 300px) 100vw, 300px\" \/><\/a><\/li>\n<\/ul>\n<p>En todos estos productos est\u00e1 cosida una etiqueta que indica el material del que est\u00e1 hecho el producto.<\/p>\n<p>En el post <span style=\"color: #0000ff;\"><a style=\"color: #0000ff;\" href=\"https:\/\/bermudiana.es\/blog\/nuevos-materiales-ecologicos-para-los-regalos-publicitarios\/\" target=\"_blank\" rel=\"noopener noreferrer\">Nuevos materiales ecol\u00f3gicos para los regalos publicitarios<\/a><\/span> se presentan otros materiales que se utilizan cada vez m\u00e1s en la fabricaci\u00f3n de regalos promocionales.<\/p>\n<p>Y en el post <span style=\"color: #0000ff;\"><a style=\"color: #0000ff;\" href=\"https:\/\/bermudiana.es\/blog\/5-regalos-ecologicos-publicitarios-bambu\/\" target=\"_blank\" rel=\"noopener noreferrer\">5 regalos ecol\u00f3gicos publicitarios de bamb\u00fa<\/a><\/span> ver\u00e1s ideas de productos fabricados con este material.<\/p>\n<p>Fuente: Bermudiana, S.L.<\/p>\n","protected":false},"excerpt":{"rendered":"<p>Pensando en la protecci\u00f3n del medio ambiente y<\/p>\n","protected":false},"author":2,"featured_media":2611,"comment_status":"open","ping_status":"open","sticky":false,"template":"","format":"standard","meta":{"footnotes":""},"categories":[6],"tags":[],"class_list":["post-2613","post","type-post","status-publish","format-standard","has-post-thumbnail","hentry","category-el-regalo-promocional"],"yoast_head":"<!-- This site is optimized with the Yoast SEO plugin v24.9 - https:\/\/yoast.com\/wordpress\/plugins\/seo\/ -->\n<title>Nuevo material ecologico para los regalos promocionales<\/title>\n<meta name=\"description\" content=\"Ideas de regalos publicitarios textiles fabricados con c\u00e1\u00f1amo, la fibra vegetal m\u00e1s resistente y duradera y que utiliza menos recursos que el algod\u00f3n.\" \/>\n<meta name=\"robots\" content=\"index, follow, max-snippet:-1, max-image-preview:large, max-video-preview:-1\" \/>\n<link rel=\"canonical\" href=\"https:\/\/bermudiana.es\/blog\/nuevo-material-ecologico-para-los-regalos-publicitarios\/\" \/>\n<meta property=\"og:locale\" content=\"es_ES\" \/>\n<meta property=\"og:type\" content=\"article\" \/>\n<meta property=\"og:title\" content=\"Nuevo material ecologico para los regalos promocionales\" \/>\n<meta property=\"og:description\" content=\"Ideas de regalos publicitarios textiles fabricados con c\u00e1\u00f1amo, la fibra vegetal m\u00e1s resistente y duradera y que utiliza menos recursos que el algod\u00f3n.\" \/>\n<meta property=\"og:url\" content=\"https:\/\/bermudiana.es\/blog\/nuevo-material-ecologico-para-los-regalos-publicitarios\/\" \/>\n<meta property=\"og:site_name\" content=\"Blog del regalo publicitario, regalo de empresa y merchandising\" \/>\n<meta property=\"article:published_time\" content=\"2021-03-30T20:52:05+00:00\" \/>\n<meta property=\"og:image\" content=\"https:\/\/bermudiana.es\/blog\/wp-content\/uploads\/2021\/03\/mochila-de-cuerdas-de-ca\u00f1amo-personalizada.jpg\" \/>\n\t<meta property=\"og:image:width\" content=\"600\" \/>\n\t<meta property=\"og:image:height\" content=\"600\" \/>\n\t<meta property=\"og:image:type\" content=\"image\/jpeg\" \/>\n<meta name=\"author\" content=\"Jos\u00e9 M\u00aa Gonzalez Prat\" \/>\n<meta name=\"twitter:card\" content=\"summary_large_image\" \/>\n<meta name=\"twitter:label1\" content=\"Escrito por\" \/>\n\t<meta name=\"twitter:data1\" content=\"Jos\u00e9 M\u00aa Gonzalez Prat\" \/>\n\t<meta name=\"twitter:label2\" content=\"Tiempo de lectura\" \/>\n\t<meta name=\"twitter:data2\" content=\"2 minutos\" \/>\n<script type=\"application\/ld+json\" class=\"yoast-schema-graph\">{\"@context\":\"https:\/\/schema.org\",\"@graph\":[{\"@type\":\"Article\",\"@id\":\"https:\/\/bermudiana.es\/blog\/nuevo-material-ecologico-para-los-regalos-publicitarios\/#article\",\"isPartOf\":{\"@id\":\"https:\/\/bermudiana.es\/blog\/nuevo-material-ecologico-para-los-regalos-publicitarios\/\"},\"author\":{\"name\":\"Jos\u00e9 M\u00aa Gonzalez Prat\",\"@id\":\"https:\/\/bermudiana.es\/blog\/#\/schema\/person\/a7c9d26e4faf9b9b6e548dbff80e5559\"},\"headline\":\"Nuevo material ecol\u00f3gico para los regalos publicitarios\",\"datePublished\":\"2021-03-30T20:52:05+00:00\",\"mainEntityOfPage\":{\"@id\":\"https:\/\/bermudiana.es\/blog\/nuevo-material-ecologico-para-los-regalos-publicitarios\/\"},\"wordCount\":434,\"commentCount\":0,\"publisher\":{\"@id\":\"https:\/\/bermudiana.es\/blog\/#organization\"},\"image\":{\"@id\":\"https:\/\/bermudiana.es\/blog\/nuevo-material-ecologico-para-los-regalos-publicitarios\/#primaryimage\"},\"thumbnailUrl\":\"https:\/\/bermudiana.es\/blog\/wp-content\/uploads\/2021\/03\/mochila-de-cuerdas-de-ca\u00f1amo-personalizada.jpg\",\"articleSection\":[\"El regalo promocional\"],\"inLanguage\":\"es\",\"potentialAction\":[{\"@type\":\"CommentAction\",\"name\":\"Comment\",\"target\":[\"https:\/\/bermudiana.es\/blog\/nuevo-material-ecologico-para-los-regalos-publicitarios\/#respond\"]}]},{\"@type\":\"WebPage\",\"@id\":\"https:\/\/bermudiana.es\/blog\/nuevo-material-ecologico-para-los-regalos-publicitarios\/\",\"url\":\"https:\/\/bermudiana.es\/blog\/nuevo-material-ecologico-para-los-regalos-publicitarios\/\",\"name\":\"Nuevo material ecologico para los regalos promocionales\",\"isPartOf\":{\"@id\":\"https:\/\/bermudiana.es\/blog\/#website\"},\"primaryImageOfPage\":{\"@id\":\"https:\/\/bermudiana.es\/blog\/nuevo-material-ecologico-para-los-regalos-publicitarios\/#primaryimage\"},\"image\":{\"@id\":\"https:\/\/bermudiana.es\/blog\/nuevo-material-ecologico-para-los-regalos-publicitarios\/#primaryimage\"},\"thumbnailUrl\":\"https:\/\/bermudiana.es\/blog\/wp-content\/uploads\/2021\/03\/mochila-de-cuerdas-de-ca\u00f1amo-personalizada.jpg\",\"datePublished\":\"2021-03-30T20:52:05+00:00\",\"description\":\"Ideas de regalos publicitarios textiles fabricados con c\u00e1\u00f1amo, la fibra vegetal m\u00e1s resistente y duradera y que utiliza menos recursos que el algod\u00f3n.\",\"breadcrumb\":{\"@id\":\"https:\/\/bermudiana.es\/blog\/nuevo-material-ecologico-para-los-regalos-publicitarios\/#breadcrumb\"},\"inLanguage\":\"es\",\"potentialAction\":[{\"@type\":\"ReadAction\",\"target\":[\"https:\/\/bermudiana.es\/blog\/nuevo-material-ecologico-para-los-regalos-publicitarios\/\"]}]},{\"@type\":\"ImageObject\",\"inLanguage\":\"es\",\"@id\":\"https:\/\/bermudiana.es\/blog\/nuevo-material-ecologico-para-los-regalos-publicitarios\/#primaryimage\",\"url\":\"https:\/\/bermudiana.es\/blog\/wp-content\/uploads\/2021\/03\/mochila-de-cuerdas-de-ca\u00f1amo-personalizada.jpg\",\"contentUrl\":\"https:\/\/bermudiana.es\/blog\/wp-content\/uploads\/2021\/03\/mochila-de-cuerdas-de-ca\u00f1amo-personalizada.jpg\",\"width\":600,\"height\":600,\"caption\":\"mochila-de-cuerdas-de-ca\u00f1amo-personalizada de color azul\"},{\"@type\":\"BreadcrumbList\",\"@id\":\"https:\/\/bermudiana.es\/blog\/nuevo-material-ecologico-para-los-regalos-publicitarios\/#breadcrumb\",\"itemListElement\":[{\"@type\":\"ListItem\",\"position\":1,\"name\":\"Portada\",\"item\":\"https:\/\/bermudiana.es\/blog\/\"},{\"@type\":\"ListItem\",\"position\":2,\"name\":\"Nuevo material ecol\u00f3gico para los regalos publicitarios\"}]},{\"@type\":\"WebSite\",\"@id\":\"https:\/\/bermudiana.es\/blog\/#website\",\"url\":\"https:\/\/bermudiana.es\/blog\/\",\"name\":\"Blog del regalo publicitario, regalo de empresa y merchandising\",\"description\":\"\",\"publisher\":{\"@id\":\"https:\/\/bermudiana.es\/blog\/#organization\"},\"potentialAction\":[{\"@type\":\"SearchAction\",\"target\":{\"@type\":\"EntryPoint\",\"urlTemplate\":\"https:\/\/bermudiana.es\/blog\/?s={search_term_string}\"},\"query-input\":{\"@type\":\"PropertyValueSpecification\",\"valueRequired\":true,\"valueName\":\"search_term_string\"}}],\"inLanguage\":\"es\"},{\"@type\":\"Organization\",\"@id\":\"https:\/\/bermudiana.es\/blog\/#organization\",\"name\":\"Bermudiana, S.L.\",\"url\":\"https:\/\/bermudiana.es\/blog\/\",\"logo\":{\"@type\":\"ImageObject\",\"inLanguage\":\"es\",\"@id\":\"https:\/\/bermudiana.es\/blog\/#\/schema\/logo\/image\/\",\"url\":\"https:\/\/bermudiana.es\/blog\/wp-content\/uploads\/2018\/09\/Logo-Blog-BMD.jpg\",\"contentUrl\":\"https:\/\/bermudiana.es\/blog\/wp-content\/uploads\/2018\/09\/Logo-Blog-BMD.jpg\",\"width\":308,\"height\":79,\"caption\":\"Bermudiana, S.L.\"},\"image\":{\"@id\":\"https:\/\/bermudiana.es\/blog\/#\/schema\/logo\/image\/\"}},{\"@type\":\"Person\",\"@id\":\"https:\/\/bermudiana.es\/blog\/#\/schema\/person\/a7c9d26e4faf9b9b6e548dbff80e5559\",\"name\":\"Jos\u00e9 M\u00aa Gonzalez Prat\",\"image\":{\"@type\":\"ImageObject\",\"inLanguage\":\"es\",\"@id\":\"https:\/\/bermudiana.es\/blog\/#\/schema\/person\/image\/\",\"url\":\"https:\/\/secure.gravatar.com\/avatar\/ad95bbf9ac78eec00ca510b783c3bd44?s=96&d=mm&r=g\",\"contentUrl\":\"https:\/\/secure.gravatar.com\/avatar\/ad95bbf9ac78eec00ca510b783c3bd44?s=96&d=mm&r=g\",\"caption\":\"Jos\u00e9 M\u00aa Gonzalez Prat\"},\"sameAs\":[\"http:\/\/bermudiana.es\"],\"url\":\"https:\/\/bermudiana.es\/blog\/author\/jmgonzalez\/\"}]}<\/script>\n<!-- \/ Yoast SEO plugin. -->","yoast_head_json":{"title":"Nuevo material ecologico para los regalos promocionales","description":"Ideas de regalos publicitarios textiles fabricados con c\u00e1\u00f1amo, la fibra vegetal m\u00e1s resistente y duradera y que utiliza menos recursos que el algod\u00f3n.","robots":{"index":"index","follow":"follow","max-snippet":"max-snippet:-1","max-image-preview":"max-image-preview:large","max-video-preview":"max-video-preview:-1"},"canonical":"https:\/\/bermudiana.es\/blog\/nuevo-material-ecologico-para-los-regalos-publicitarios\/","og_locale":"es_ES","og_type":"article","og_title":"Nuevo material ecologico para los regalos promocionales","og_description":"Ideas de regalos publicitarios textiles fabricados con c\u00e1\u00f1amo, la fibra vegetal m\u00e1s resistente y duradera y que utiliza menos recursos que el algod\u00f3n.","og_url":"https:\/\/bermudiana.es\/blog\/nuevo-material-ecologico-para-los-regalos-publicitarios\/","og_site_name":"Blog del regalo publicitario, regalo de empresa y merchandising","article_published_time":"2021-03-30T20:52:05+00:00","og_image":[{"width":600,"height":600,"url":"https:\/\/bermudiana.es\/blog\/wp-content\/uploads\/2021\/03\/mochila-de-cuerdas-de-ca\u00f1amo-personalizada.jpg","type":"image\/jpeg"}],"author":"Jos\u00e9 M\u00aa Gonzalez Prat","twitter_card":"summary_large_image","twitter_misc":{"Escrito por":"Jos\u00e9 M\u00aa Gonzalez Prat","Tiempo de lectura":"2 minutos"},"schema":{"@context":"https:\/\/schema.org","@graph":[{"@type":"Article","@id":"https:\/\/bermudiana.es\/blog\/nuevo-material-ecologico-para-los-regalos-publicitarios\/#article","isPartOf":{"@id":"https:\/\/bermudiana.es\/blog\/nuevo-material-ecologico-para-los-regalos-publicitarios\/"},"author":{"name":"Jos\u00e9 M\u00aa Gonzalez Prat","@id":"https:\/\/bermudiana.es\/blog\/#\/schema\/person\/a7c9d26e4faf9b9b6e548dbff80e5559"},"headline":"Nuevo material ecol\u00f3gico para los regalos publicitarios","datePublished":"2021-03-30T20:52:05+00:00","mainEntityOfPage":{"@id":"https:\/\/bermudiana.es\/blog\/nuevo-material-ecologico-para-los-regalos-publicitarios\/"},"wordCount":434,"commentCount":0,"publisher":{"@id":"https:\/\/bermudiana.es\/blog\/#organization"},"image":{"@id":"https:\/\/bermudiana.es\/blog\/nuevo-material-ecologico-para-los-regalos-publicitarios\/#primaryimage"},"thumbnailUrl":"https:\/\/bermudiana.es\/blog\/wp-content\/uploads\/2021\/03\/mochila-de-cuerdas-de-ca\u00f1amo-personalizada.jpg","articleSection":["El regalo promocional"],"inLanguage":"es","potentialAction":[{"@type":"CommentAction","name":"Comment","target":["https:\/\/bermudiana.es\/blog\/nuevo-material-ecologico-para-los-regalos-publicitarios\/#respond"]}]},{"@type":"WebPage","@id":"https:\/\/bermudiana.es\/blog\/nuevo-material-ecologico-para-los-regalos-publicitarios\/","url":"https:\/\/bermudiana.es\/blog\/nuevo-material-ecologico-para-los-regalos-publicitarios\/","name":"Nuevo material ecologico para los regalos promocionales","isPartOf":{"@id":"https:\/\/bermudiana.es\/blog\/#website"},"primaryImageOfPage":{"@id":"https:\/\/bermudiana.es\/blog\/nuevo-material-ecologico-para-los-regalos-publicitarios\/#primaryimage"},"image":{"@id":"https:\/\/bermudiana.es\/blog\/nuevo-material-ecologico-para-los-regalos-publicitarios\/#primaryimage"},"thumbnailUrl":"https:\/\/bermudiana.es\/blog\/wp-content\/uploads\/2021\/03\/mochila-de-cuerdas-de-ca\u00f1amo-personalizada.jpg","datePublished":"2021-03-30T20:52:05+00:00","description":"Ideas de regalos publicitarios textiles fabricados con c\u00e1\u00f1amo, la fibra vegetal m\u00e1s resistente y duradera y que utiliza menos recursos que el algod\u00f3n.","breadcrumb":{"@id":"https:\/\/bermudiana.es\/blog\/nuevo-material-ecologico-para-los-regalos-publicitarios\/#breadcrumb"},"inLanguage":"es","potentialAction":[{"@type":"ReadAction","target":["https:\/\/bermudiana.es\/blog\/nuevo-material-ecologico-para-los-regalos-publicitarios\/"]}]},{"@type":"ImageObject","inLanguage":"es","@id":"https:\/\/bermudiana.es\/blog\/nuevo-material-ecologico-para-los-regalos-publicitarios\/#primaryimage","url":"https:\/\/bermudiana.es\/blog\/wp-content\/uploads\/2021\/03\/mochila-de-cuerdas-de-ca\u00f1amo-personalizada.jpg","contentUrl":"https:\/\/bermudiana.es\/blog\/wp-content\/uploads\/2021\/03\/mochila-de-cuerdas-de-ca\u00f1amo-personalizada.jpg","width":600,"height":600,"caption":"mochila-de-cuerdas-de-ca\u00f1amo-personalizada de color azul"},{"@type":"BreadcrumbList","@id":"https:\/\/bermudiana.es\/blog\/nuevo-material-ecologico-para-los-regalos-publicitarios\/#breadcrumb","itemListElement":[{"@type":"ListItem","position":1,"name":"Portada","item":"https:\/\/bermudiana.es\/blog\/"},{"@type":"ListItem","position":2,"name":"Nuevo material ecol\u00f3gico para los regalos publicitarios"}]},{"@type":"WebSite","@id":"https:\/\/bermudiana.es\/blog\/#website","url":"https:\/\/bermudiana.es\/blog\/","name":"Blog del regalo publicitario, regalo de empresa y merchandising","description":"","publisher":{"@id":"https:\/\/bermudiana.es\/blog\/#organization"},"potentialAction":[{"@type":"SearchAction","target":{"@type":"EntryPoint","urlTemplate":"https:\/\/bermudiana.es\/blog\/?s={search_term_string}"},"query-input":{"@type":"PropertyValueSpecification","valueRequired":true,"valueName":"search_term_string"}}],"inLanguage":"es"},{"@type":"Organization","@id":"https:\/\/bermudiana.es\/blog\/#organization","name":"Bermudiana, S.L.","url":"https:\/\/bermudiana.es\/blog\/","logo":{"@type":"ImageObject","inLanguage":"es","@id":"https:\/\/bermudiana.es\/blog\/#\/schema\/logo\/image\/","url":"https:\/\/bermudiana.es\/blog\/wp-content\/uploads\/2018\/09\/Logo-Blog-BMD.jpg","contentUrl":"https:\/\/bermudiana.es\/blog\/wp-content\/uploads\/2018\/09\/Logo-Blog-BMD.jpg","width":308,"height":79,"caption":"Bermudiana, S.L."},"image":{"@id":"https:\/\/bermudiana.es\/blog\/#\/schema\/logo\/image\/"}},{"@type":"Person","@id":"https:\/\/bermudiana.es\/blog\/#\/schema\/person\/a7c9d26e4faf9b9b6e548dbff80e5559","name":"Jos\u00e9 M\u00aa Gonzalez Prat","image":{"@type":"ImageObject","inLanguage":"es","@id":"https:\/\/bermudiana.es\/blog\/#\/schema\/person\/image\/","url":"https:\/\/secure.gravatar.com\/avatar\/ad95bbf9ac78eec00ca510b783c3bd44?s=96&d=mm&r=g","contentUrl":"https:\/\/secure.gravatar.com\/avatar\/ad95bbf9ac78eec00ca510b783c3bd44?s=96&d=mm&r=g","caption":"Jos\u00e9 M\u00aa Gonzalez Prat"},"sameAs":["http:\/\/bermudiana.es"],"url":"https:\/\/bermudiana.es\/blog\/author\/jmgonzalez\/"}]}},"post_mailing_queue_ids":[],"_links":{"self":[{"href":"https:\/\/bermudiana.es\/blog\/wp-json\/wp\/v2\/posts\/2613","targetHints":{"allow":["GET"]}}],"collection":[{"href":"https:\/\/bermudiana.es\/blog\/wp-json\/wp\/v2\/posts"}],"about":[{"href":"https:\/\/bermudiana.es\/blog\/wp-json\/wp\/v2\/types\/post"}],"author":[{"embeddable":true,"href":"https:\/\/bermudiana.es\/blog\/wp-json\/wp\/v2\/users\/2"}],"replies":[{"embeddable":true,"href":"https:\/\/bermudiana.es\/blog\/wp-json\/wp\/v2\/comments?post=2613"}],"version-history":[{"count":7,"href":"https:\/\/bermudiana.es\/blog\/wp-json\/wp\/v2\/posts\/2613\/revisions"}],"predecessor-version":[{"id":2622,"href":"https:\/\/bermudiana.es\/blog\/wp-json\/wp\/v2\/posts\/2613\/revisions\/2622"}],"wp:featuredmedia":[{"embeddable":true,"href":"https:\/\/bermudiana.es\/blog\/wp-json\/wp\/v2\/media\/2611"}],"wp:attachment":[{"href":"https:\/\/bermudiana.es\/blog\/wp-json\/wp\/v2\/media?parent=2613"}],"wp:term":[{"taxonomy":"category","embeddable":true,"href":"https:\/\/bermudiana.es\/blog\/wp-json\/wp\/v2\/categories?post=2613"},{"taxonomy":"post_tag","embeddable":true,"href":"https:\/\/bermudiana.es\/blog\/wp-json\/wp\/v2\/tags?post=2613"}],"curies":[{"name":"wp","href":"https:\/\/api.w.org\/{rel}","templated":true}]}}