{"id":311,"date":"2014-10-02T11:08:02","date_gmt":"2014-10-02T11:08:02","guid":{"rendered":"http:\/\/bermudiana.es\/blog\/?p=311"},"modified":"2020-07-22T16:56:21","modified_gmt":"2020-07-22T15:56:21","slug":"nuevas-alfombrillas-raton-con-calendario","status":"publish","type":"post","link":"https:\/\/bermudiana.es\/blog\/nuevas-alfombrillas-raton-con-calendario\/","title":{"rendered":"Nuevas alfombrillas rat\u00f3n, con calendario"},"content":{"rendered":"<p style=\"text-align: justify;\">Esta es una buena idea que une dos <!--more-->art\u00edculos publicitarios que funcionan, en uno: la Alfombrilla calendario. Las alfombrillas rat\u00f3n personalizadas y los calendarios son dos cl\u00e1sicos en el regalo de empresa.<\/p>\n<p style=\"text-align: justify;\">Son <strong>\u00fatiles<\/strong>, tienen <strong>mucha superficie para personalizaci\u00f3n<\/strong>, y pasan mucho tiempo en el entorno del cliente que los usa.<\/p>\n<p style=\"text-align: justify;\">Seguro que tu recibes m\u00e1s de un calendario. A todas las empresas llegan. Y algunos se usar\u00e1n, pero otros quedar\u00e1n en un caj\u00f3n o ir\u00e1n a la papelera.<\/p>\n<p style=\"text-align: justify;\">Y lo mismo pasa con las alfombrillas rat\u00f3n. Utilizar\u00e1s las que te gusten m\u00e1s, bien por dise\u00f1o, por la calidad de los materiales, por su funcionamiento, o por la <em>utilidad<\/em> que te dan.<\/p>\n<p style=\"text-align: justify;\">Hay que <strong>diferenciarse<\/strong>. As\u00ed ganas en <em>notoriedad<\/em>, <em>visibilidad<\/em> e <em>imagen<\/em> para tu empresa.<\/p>\n<p style=\"text-align: justify;\">El art\u00edculo publicitario que regales est\u00e1 representando a tu empresa y comunica los productos y servicios que ofreces. Un producto <em>bien pensado, diferente, y bien fabricado comunicar\u00e1 esas caracter\u00edsticas asociadas a tu empresa<\/em>.<\/p>\n<figure id=\"attachment_2443\" aria-describedby=\"caption-attachment-2443\" style=\"width: 300px\" class=\"wp-caption aligncenter\"><a href=\"https:\/\/bermudiana.es\/blog\/wp-content\/uploads\/2020\/07\/Alfombrilla-raton-calendario-port-de-barcelona.jpg\"><img loading=\"lazy\" decoding=\"async\" class=\"size-medium wp-image-2443\" src=\"https:\/\/bermudiana.es\/blog\/wp-content\/uploads\/2020\/07\/Alfombrilla-raton-calendario-port-de-barcelona-300x227.jpg\" alt=\"Alfombrilla-raton-calendario-para-el-Port-de-Barcelona\" width=\"300\" height=\"227\" srcset=\"https:\/\/bermudiana.es\/blog\/wp-content\/uploads\/2020\/07\/Alfombrilla-raton-calendario-port-de-barcelona-300x227.jpg 300w, https:\/\/bermudiana.es\/blog\/wp-content\/uploads\/2020\/07\/Alfombrilla-raton-calendario-port-de-barcelona.jpg 654w\" sizes=\"auto, (max-width: 300px) 100vw, 300px\" \/><\/a><figcaption id=\"caption-attachment-2443\" class=\"wp-caption-text\">Alfombrillas calendario para el Port de Barcelona.<\/figcaption><\/figure>\n<p style=\"text-align: justify;\">La alfombrilla calendario es una alfombrilla de rat\u00f3n para ordenador con 12 hojas de calendario, una para cada mes. Y con espacio para notas, informaci\u00f3n de tu empresa, consejos \u00fatiles, etc. A medida que van pasando los meses, se van arrancando las hojas de forma que el mes actual sea el que se vea al utilizar la alfombrilla.<\/p>\n<p style=\"text-align: justify;\">Y tiene la posibilidad de personalizar al 100% el producto, tanto en la tapa superior como en las 12 hojas del calendario.<\/p>\n<p style=\"text-align: justify;\">En los aspectos m\u00e1s t\u00e9cnicos, es una alfombrilla de 23 x 18 cm, con la tapa de PVC, 12 hojas de papel y una base adherente de 1,8 mm de grosor. La impresi\u00f3n tanto de la tapa como de las 12 hojas de calendario se hace en cuatricromia (CMYK), a todo color.<\/p>\n<p style=\"text-align: justify;\">En el apartado de <span style=\"text-decoration: underline;\"><a title=\"Ir a Calendarios\" href=\"http:\/\/bermudiana.es\/es\/156-calendarios\" target=\"_blank\" rel=\"noopener noreferrer\"><span style=\"color: blue;\">Calendarios<\/span><\/a><\/span>, en la web de Bermudiana,\u00a0encontrar\u00e1s m\u00e1s informaci\u00f3n y otras ideas de calendario para personalizar.<\/p>\n<p style=\"text-align: justify;\">Y en el de <span style=\"text-decoration: underline;\"><a title=\"Ir al apartado alfombrillas rat\u00f3n en la web de Bermudiana\" href=\"http:\/\/bermudiana.es\/es\/13-alfombrillas-raton\" target=\"_blank\" rel=\"noopener noreferrer\"><span style=\"color: blue;\">alfombrillas rat\u00f3n<\/span><\/a><\/span>, otras alternativas de regalo publicitario.<\/p>\n<p>Bermudiana, S.L.<\/p>\n","protected":false},"excerpt":{"rendered":"<p>Esta es una buena idea que une dos<\/p>\n","protected":false},"author":2,"featured_media":2444,"comment_status":"open","ping_status":"open","sticky":false,"template":"","format":"standard","meta":{"footnotes":""},"categories":[8],"tags":[],"class_list":["post-311","post","type-post","status-publish","format-standard","has-post-thumbnail","hentry","category-regalos-de-empresa-originales"],"yoast_head":"<!-- This site is optimized with the Yoast SEO plugin v24.9 - https:\/\/yoast.com\/wordpress\/plugins\/seo\/ -->\n<title>Un calendario diferente - Novedad en alfombrillas rat\u00f3n<\/title>\n<meta name=\"description\" content=\"Alfombrillas para rat\u00f3n con calendario de 12 hojas incorporado. Para personalizar al 100%, a todo color, seg\u00fan el dise\u00f1o del cliente, todo el producto.\" \/>\n<meta name=\"robots\" content=\"index, follow, max-snippet:-1, max-image-preview:large, max-video-preview:-1\" \/>\n<link rel=\"canonical\" href=\"https:\/\/bermudiana.es\/blog\/nuevas-alfombrillas-raton-con-calendario\/\" \/>\n<meta property=\"og:locale\" content=\"es_ES\" \/>\n<meta property=\"og:type\" content=\"article\" \/>\n<meta property=\"og:title\" content=\"Un calendario diferente - Novedad en alfombrillas rat\u00f3n\" \/>\n<meta property=\"og:description\" content=\"Alfombrillas para rat\u00f3n con calendario de 12 hojas incorporado. Para personalizar al 100%, a todo color, seg\u00fan el dise\u00f1o del cliente, todo el producto.\" \/>\n<meta property=\"og:url\" content=\"https:\/\/bermudiana.es\/blog\/nuevas-alfombrillas-raton-con-calendario\/\" \/>\n<meta property=\"og:site_name\" content=\"Blog del regalo publicitario, regalo de empresa y merchandising\" \/>\n<meta property=\"article:published_time\" content=\"2014-10-02T11:08:02+00:00\" \/>\n<meta property=\"article:modified_time\" content=\"2020-07-22T15:56:21+00:00\" \/>\n<meta property=\"og:image\" content=\"https:\/\/bermudiana.es\/blog\/wp-content\/uploads\/2020\/07\/Alfombrilla-raton-calendario-retractil.jpg\" \/>\n\t<meta property=\"og:image:width\" content=\"640\" \/>\n\t<meta property=\"og:image:height\" content=\"480\" \/>\n\t<meta property=\"og:image:type\" content=\"image\/jpeg\" \/>\n<meta name=\"author\" content=\"Jos\u00e9 M\u00aa Gonzalez Prat\" \/>\n<meta name=\"twitter:card\" content=\"summary_large_image\" \/>\n<meta name=\"twitter:label1\" content=\"Escrito por\" \/>\n\t<meta name=\"twitter:data1\" content=\"Jos\u00e9 M\u00aa Gonzalez Prat\" \/>\n\t<meta name=\"twitter:label2\" content=\"Tiempo de lectura\" \/>\n\t<meta name=\"twitter:data2\" content=\"2 minutos\" \/>\n<script type=\"application\/ld+json\" class=\"yoast-schema-graph\">{\"@context\":\"https:\/\/schema.org\",\"@graph\":[{\"@type\":\"Article\",\"@id\":\"https:\/\/bermudiana.es\/blog\/nuevas-alfombrillas-raton-con-calendario\/#article\",\"isPartOf\":{\"@id\":\"https:\/\/bermudiana.es\/blog\/nuevas-alfombrillas-raton-con-calendario\/\"},\"author\":{\"name\":\"Jos\u00e9 M\u00aa Gonzalez Prat\",\"@id\":\"https:\/\/bermudiana.es\/blog\/#\/schema\/person\/a7c9d26e4faf9b9b6e548dbff80e5559\"},\"headline\":\"Nuevas alfombrillas rat\u00f3n, con calendario\",\"datePublished\":\"2014-10-02T11:08:02+00:00\",\"dateModified\":\"2020-07-22T15:56:21+00:00\",\"mainEntityOfPage\":{\"@id\":\"https:\/\/bermudiana.es\/blog\/nuevas-alfombrillas-raton-con-calendario\/\"},\"wordCount\":360,\"commentCount\":0,\"publisher\":{\"@id\":\"https:\/\/bermudiana.es\/blog\/#organization\"},\"image\":{\"@id\":\"https:\/\/bermudiana.es\/blog\/nuevas-alfombrillas-raton-con-calendario\/#primaryimage\"},\"thumbnailUrl\":\"https:\/\/bermudiana.es\/blog\/wp-content\/uploads\/2020\/07\/Alfombrilla-raton-calendario-retractil.jpg\",\"articleSection\":[\"Regalos de empresa originales\"],\"inLanguage\":\"es\",\"potentialAction\":[{\"@type\":\"CommentAction\",\"name\":\"Comment\",\"target\":[\"https:\/\/bermudiana.es\/blog\/nuevas-alfombrillas-raton-con-calendario\/#respond\"]}]},{\"@type\":\"WebPage\",\"@id\":\"https:\/\/bermudiana.es\/blog\/nuevas-alfombrillas-raton-con-calendario\/\",\"url\":\"https:\/\/bermudiana.es\/blog\/nuevas-alfombrillas-raton-con-calendario\/\",\"name\":\"Un calendario diferente - Novedad en alfombrillas rat\u00f3n\",\"isPartOf\":{\"@id\":\"https:\/\/bermudiana.es\/blog\/#website\"},\"primaryImageOfPage\":{\"@id\":\"https:\/\/bermudiana.es\/blog\/nuevas-alfombrillas-raton-con-calendario\/#primaryimage\"},\"image\":{\"@id\":\"https:\/\/bermudiana.es\/blog\/nuevas-alfombrillas-raton-con-calendario\/#primaryimage\"},\"thumbnailUrl\":\"https:\/\/bermudiana.es\/blog\/wp-content\/uploads\/2020\/07\/Alfombrilla-raton-calendario-retractil.jpg\",\"datePublished\":\"2014-10-02T11:08:02+00:00\",\"dateModified\":\"2020-07-22T15:56:21+00:00\",\"description\":\"Alfombrillas para rat\u00f3n con calendario de 12 hojas incorporado. Para personalizar al 100%, a todo color, seg\u00fan el dise\u00f1o del cliente, todo el producto.\",\"breadcrumb\":{\"@id\":\"https:\/\/bermudiana.es\/blog\/nuevas-alfombrillas-raton-con-calendario\/#breadcrumb\"},\"inLanguage\":\"es\",\"potentialAction\":[{\"@type\":\"ReadAction\",\"target\":[\"https:\/\/bermudiana.es\/blog\/nuevas-alfombrillas-raton-con-calendario\/\"]}]},{\"@type\":\"ImageObject\",\"inLanguage\":\"es\",\"@id\":\"https:\/\/bermudiana.es\/blog\/nuevas-alfombrillas-raton-con-calendario\/#primaryimage\",\"url\":\"https:\/\/bermudiana.es\/blog\/wp-content\/uploads\/2020\/07\/Alfombrilla-raton-calendario-retractil.jpg\",\"contentUrl\":\"https:\/\/bermudiana.es\/blog\/wp-content\/uploads\/2020\/07\/Alfombrilla-raton-calendario-retractil.jpg\",\"width\":640,\"height\":480,\"caption\":\"Alfombrilla-raton-calendario-para-la-empresa-Retractil\"},{\"@type\":\"BreadcrumbList\",\"@id\":\"https:\/\/bermudiana.es\/blog\/nuevas-alfombrillas-raton-con-calendario\/#breadcrumb\",\"itemListElement\":[{\"@type\":\"ListItem\",\"position\":1,\"name\":\"Portada\",\"item\":\"https:\/\/bermudiana.es\/blog\/\"},{\"@type\":\"ListItem\",\"position\":2,\"name\":\"Nuevas alfombrillas rat\u00f3n, con calendario\"}]},{\"@type\":\"WebSite\",\"@id\":\"https:\/\/bermudiana.es\/blog\/#website\",\"url\":\"https:\/\/bermudiana.es\/blog\/\",\"name\":\"Blog del regalo publicitario, regalo de empresa y merchandising\",\"description\":\"\",\"publisher\":{\"@id\":\"https:\/\/bermudiana.es\/blog\/#organization\"},\"potentialAction\":[{\"@type\":\"SearchAction\",\"target\":{\"@type\":\"EntryPoint\",\"urlTemplate\":\"https:\/\/bermudiana.es\/blog\/?s={search_term_string}\"},\"query-input\":{\"@type\":\"PropertyValueSpecification\",\"valueRequired\":true,\"valueName\":\"search_term_string\"}}],\"inLanguage\":\"es\"},{\"@type\":\"Organization\",\"@id\":\"https:\/\/bermudiana.es\/blog\/#organization\",\"name\":\"Bermudiana, S.L.\",\"url\":\"https:\/\/bermudiana.es\/blog\/\",\"logo\":{\"@type\":\"ImageObject\",\"inLanguage\":\"es\",\"@id\":\"https:\/\/bermudiana.es\/blog\/#\/schema\/logo\/image\/\",\"url\":\"https:\/\/bermudiana.es\/blog\/wp-content\/uploads\/2018\/09\/Logo-Blog-BMD.jpg\",\"contentUrl\":\"https:\/\/bermudiana.es\/blog\/wp-content\/uploads\/2018\/09\/Logo-Blog-BMD.jpg\",\"width\":308,\"height\":79,\"caption\":\"Bermudiana, S.L.\"},\"image\":{\"@id\":\"https:\/\/bermudiana.es\/blog\/#\/schema\/logo\/image\/\"}},{\"@type\":\"Person\",\"@id\":\"https:\/\/bermudiana.es\/blog\/#\/schema\/person\/a7c9d26e4faf9b9b6e548dbff80e5559\",\"name\":\"Jos\u00e9 M\u00aa Gonzalez Prat\",\"image\":{\"@type\":\"ImageObject\",\"inLanguage\":\"es\",\"@id\":\"https:\/\/bermudiana.es\/blog\/#\/schema\/person\/image\/\",\"url\":\"https:\/\/secure.gravatar.com\/avatar\/ad95bbf9ac78eec00ca510b783c3bd44?s=96&d=mm&r=g\",\"contentUrl\":\"https:\/\/secure.gravatar.com\/avatar\/ad95bbf9ac78eec00ca510b783c3bd44?s=96&d=mm&r=g\",\"caption\":\"Jos\u00e9 M\u00aa Gonzalez Prat\"},\"sameAs\":[\"http:\/\/bermudiana.es\"],\"url\":\"https:\/\/bermudiana.es\/blog\/author\/jmgonzalez\/\"}]}<\/script>\n<!-- \/ Yoast SEO plugin. -->","yoast_head_json":{"title":"Un calendario diferente - Novedad en alfombrillas rat\u00f3n","description":"Alfombrillas para rat\u00f3n con calendario de 12 hojas incorporado. Para personalizar al 100%, a todo color, seg\u00fan el dise\u00f1o del cliente, todo el producto.","robots":{"index":"index","follow":"follow","max-snippet":"max-snippet:-1","max-image-preview":"max-image-preview:large","max-video-preview":"max-video-preview:-1"},"canonical":"https:\/\/bermudiana.es\/blog\/nuevas-alfombrillas-raton-con-calendario\/","og_locale":"es_ES","og_type":"article","og_title":"Un calendario diferente - Novedad en alfombrillas rat\u00f3n","og_description":"Alfombrillas para rat\u00f3n con calendario de 12 hojas incorporado. Para personalizar al 100%, a todo color, seg\u00fan el dise\u00f1o del cliente, todo el producto.","og_url":"https:\/\/bermudiana.es\/blog\/nuevas-alfombrillas-raton-con-calendario\/","og_site_name":"Blog del regalo publicitario, regalo de empresa y merchandising","article_published_time":"2014-10-02T11:08:02+00:00","article_modified_time":"2020-07-22T15:56:21+00:00","og_image":[{"width":640,"height":480,"url":"https:\/\/bermudiana.es\/blog\/wp-content\/uploads\/2020\/07\/Alfombrilla-raton-calendario-retractil.jpg","type":"image\/jpeg"}],"author":"Jos\u00e9 M\u00aa Gonzalez Prat","twitter_card":"summary_large_image","twitter_misc":{"Escrito por":"Jos\u00e9 M\u00aa Gonzalez Prat","Tiempo de lectura":"2 minutos"},"schema":{"@context":"https:\/\/schema.org","@graph":[{"@type":"Article","@id":"https:\/\/bermudiana.es\/blog\/nuevas-alfombrillas-raton-con-calendario\/#article","isPartOf":{"@id":"https:\/\/bermudiana.es\/blog\/nuevas-alfombrillas-raton-con-calendario\/"},"author":{"name":"Jos\u00e9 M\u00aa Gonzalez Prat","@id":"https:\/\/bermudiana.es\/blog\/#\/schema\/person\/a7c9d26e4faf9b9b6e548dbff80e5559"},"headline":"Nuevas alfombrillas rat\u00f3n, con calendario","datePublished":"2014-10-02T11:08:02+00:00","dateModified":"2020-07-22T15:56:21+00:00","mainEntityOfPage":{"@id":"https:\/\/bermudiana.es\/blog\/nuevas-alfombrillas-raton-con-calendario\/"},"wordCount":360,"commentCount":0,"publisher":{"@id":"https:\/\/bermudiana.es\/blog\/#organization"},"image":{"@id":"https:\/\/bermudiana.es\/blog\/nuevas-alfombrillas-raton-con-calendario\/#primaryimage"},"thumbnailUrl":"https:\/\/bermudiana.es\/blog\/wp-content\/uploads\/2020\/07\/Alfombrilla-raton-calendario-retractil.jpg","articleSection":["Regalos de empresa originales"],"inLanguage":"es","potentialAction":[{"@type":"CommentAction","name":"Comment","target":["https:\/\/bermudiana.es\/blog\/nuevas-alfombrillas-raton-con-calendario\/#respond"]}]},{"@type":"WebPage","@id":"https:\/\/bermudiana.es\/blog\/nuevas-alfombrillas-raton-con-calendario\/","url":"https:\/\/bermudiana.es\/blog\/nuevas-alfombrillas-raton-con-calendario\/","name":"Un calendario diferente - Novedad en alfombrillas rat\u00f3n","isPartOf":{"@id":"https:\/\/bermudiana.es\/blog\/#website"},"primaryImageOfPage":{"@id":"https:\/\/bermudiana.es\/blog\/nuevas-alfombrillas-raton-con-calendario\/#primaryimage"},"image":{"@id":"https:\/\/bermudiana.es\/blog\/nuevas-alfombrillas-raton-con-calendario\/#primaryimage"},"thumbnailUrl":"https:\/\/bermudiana.es\/blog\/wp-content\/uploads\/2020\/07\/Alfombrilla-raton-calendario-retractil.jpg","datePublished":"2014-10-02T11:08:02+00:00","dateModified":"2020-07-22T15:56:21+00:00","description":"Alfombrillas para rat\u00f3n con calendario de 12 hojas incorporado. Para personalizar al 100%, a todo color, seg\u00fan el dise\u00f1o del cliente, todo el producto.","breadcrumb":{"@id":"https:\/\/bermudiana.es\/blog\/nuevas-alfombrillas-raton-con-calendario\/#breadcrumb"},"inLanguage":"es","potentialAction":[{"@type":"ReadAction","target":["https:\/\/bermudiana.es\/blog\/nuevas-alfombrillas-raton-con-calendario\/"]}]},{"@type":"ImageObject","inLanguage":"es","@id":"https:\/\/bermudiana.es\/blog\/nuevas-alfombrillas-raton-con-calendario\/#primaryimage","url":"https:\/\/bermudiana.es\/blog\/wp-content\/uploads\/2020\/07\/Alfombrilla-raton-calendario-retractil.jpg","contentUrl":"https:\/\/bermudiana.es\/blog\/wp-content\/uploads\/2020\/07\/Alfombrilla-raton-calendario-retractil.jpg","width":640,"height":480,"caption":"Alfombrilla-raton-calendario-para-la-empresa-Retractil"},{"@type":"BreadcrumbList","@id":"https:\/\/bermudiana.es\/blog\/nuevas-alfombrillas-raton-con-calendario\/#breadcrumb","itemListElement":[{"@type":"ListItem","position":1,"name":"Portada","item":"https:\/\/bermudiana.es\/blog\/"},{"@type":"ListItem","position":2,"name":"Nuevas alfombrillas rat\u00f3n, con calendario"}]},{"@type":"WebSite","@id":"https:\/\/bermudiana.es\/blog\/#website","url":"https:\/\/bermudiana.es\/blog\/","name":"Blog del regalo publicitario, regalo de empresa y merchandising","description":"","publisher":{"@id":"https:\/\/bermudiana.es\/blog\/#organization"},"potentialAction":[{"@type":"SearchAction","target":{"@type":"EntryPoint","urlTemplate":"https:\/\/bermudiana.es\/blog\/?s={search_term_string}"},"query-input":{"@type":"PropertyValueSpecification","valueRequired":true,"valueName":"search_term_string"}}],"inLanguage":"es"},{"@type":"Organization","@id":"https:\/\/bermudiana.es\/blog\/#organization","name":"Bermudiana, S.L.","url":"https:\/\/bermudiana.es\/blog\/","logo":{"@type":"ImageObject","inLanguage":"es","@id":"https:\/\/bermudiana.es\/blog\/#\/schema\/logo\/image\/","url":"https:\/\/bermudiana.es\/blog\/wp-content\/uploads\/2018\/09\/Logo-Blog-BMD.jpg","contentUrl":"https:\/\/bermudiana.es\/blog\/wp-content\/uploads\/2018\/09\/Logo-Blog-BMD.jpg","width":308,"height":79,"caption":"Bermudiana, S.L."},"image":{"@id":"https:\/\/bermudiana.es\/blog\/#\/schema\/logo\/image\/"}},{"@type":"Person","@id":"https:\/\/bermudiana.es\/blog\/#\/schema\/person\/a7c9d26e4faf9b9b6e548dbff80e5559","name":"Jos\u00e9 M\u00aa Gonzalez Prat","image":{"@type":"ImageObject","inLanguage":"es","@id":"https:\/\/bermudiana.es\/blog\/#\/schema\/person\/image\/","url":"https:\/\/secure.gravatar.com\/avatar\/ad95bbf9ac78eec00ca510b783c3bd44?s=96&d=mm&r=g","contentUrl":"https:\/\/secure.gravatar.com\/avatar\/ad95bbf9ac78eec00ca510b783c3bd44?s=96&d=mm&r=g","caption":"Jos\u00e9 M\u00aa Gonzalez Prat"},"sameAs":["http:\/\/bermudiana.es"],"url":"https:\/\/bermudiana.es\/blog\/author\/jmgonzalez\/"}]}},"post_mailing_queue_ids":[],"_links":{"self":[{"href":"https:\/\/bermudiana.es\/blog\/wp-json\/wp\/v2\/posts\/311","targetHints":{"allow":["GET"]}}],"collection":[{"href":"https:\/\/bermudiana.es\/blog\/wp-json\/wp\/v2\/posts"}],"about":[{"href":"https:\/\/bermudiana.es\/blog\/wp-json\/wp\/v2\/types\/post"}],"author":[{"embeddable":true,"href":"https:\/\/bermudiana.es\/blog\/wp-json\/wp\/v2\/users\/2"}],"replies":[{"embeddable":true,"href":"https:\/\/bermudiana.es\/blog\/wp-json\/wp\/v2\/comments?post=311"}],"version-history":[{"count":16,"href":"https:\/\/bermudiana.es\/blog\/wp-json\/wp\/v2\/posts\/311\/revisions"}],"predecessor-version":[{"id":2445,"href":"https:\/\/bermudiana.es\/blog\/wp-json\/wp\/v2\/posts\/311\/revisions\/2445"}],"wp:featuredmedia":[{"embeddable":true,"href":"https:\/\/bermudiana.es\/blog\/wp-json\/wp\/v2\/media\/2444"}],"wp:attachment":[{"href":"https:\/\/bermudiana.es\/blog\/wp-json\/wp\/v2\/media?parent=311"}],"wp:term":[{"taxonomy":"category","embeddable":true,"href":"https:\/\/bermudiana.es\/blog\/wp-json\/wp\/v2\/categories?post=311"},{"taxonomy":"post_tag","embeddable":true,"href":"https:\/\/bermudiana.es\/blog\/wp-json\/wp\/v2\/tags?post=311"}],"curies":[{"name":"wp","href":"https:\/\/api.w.org\/{rel}","templated":true}]}}