{"id":629,"date":"2015-04-30T09:42:25","date_gmt":"2015-04-30T09:42:25","guid":{"rendered":"http:\/\/bermudiana.es\/blog\/?p=629"},"modified":"2020-07-04T12:05:45","modified_gmt":"2020-07-04T11:05:45","slug":"gafas-de-sol-personalizadas","status":"publish","type":"post","link":"https:\/\/bermudiana.es\/blog\/gafas-de-sol-personalizadas\/","title":{"rendered":"Las gafas de sol personalizadas son para el verano"},"content":{"rendered":"<p>\u00bfPor qu\u00e9 regalar gafas de sol personalizadas? Por <!--more-->varios motivos.<\/p>\n<ul>\n<li style=\"text-align: justify;\">Un motivo es el verano. Empresas cuyos productos o servicio est\u00e9n <strong>asociados al verano<\/strong>, las vacaciones, la fiesta. Por eso, cerveceras, empresas de refrescos, editoriales de revistas, discotecas, eventos al aire libre, como souvenir,\u2026 pueden utilizar las gafas de sol personalizadas como regalo publicitario.<\/li>\n<\/ul>\n<ul>\n<li style=\"text-align: justify;\">Otro motivo es que hay <strong>menos \u201ccompetencia\u201d<\/strong>, desde el punto de vista del regalo promocional. Es un buen momento para desear buen verano a los clientes, con un env\u00edo con un toque desenfadado, menos formal que en otras \u00e9pocas del a\u00f1o. Es decir, un momento con menos competencia para conseguir la atenci\u00f3n del destinatario si lo comparamos, por ejemplo, con la Navidad.<\/li>\n<\/ul>\n<ul>\n<li style=\"text-align: justify;\">Tercer motivo, son <strong>\u00fatiles<\/strong>. Caracter\u00edstica principal en un art\u00edculo publicitario. Las puedes guardar en el coche, en la bolsa de la playa, y si las pierdes, no provoca un gran disgusto.<\/li>\n<\/ul>\n<ul>\n<li style=\"text-align: justify;\">Cuarto motivo, las <strong>posibilidades de personalizaci\u00f3n<\/strong>. En la lente, en la montura, en la funda.<\/li>\n<\/ul>\n<ul>\n<li>Quinto motivo. Permiten la <strong>diferenciaci\u00f3n<\/strong>. En el producto, la personalizaci\u00f3n y la presentaci\u00f3n.<\/li>\n<\/ul>\n<p style=\"text-align: justify;\">En la foto principal de este post ver\u00e1s unas gafas de sol que tienen incorporada una c\u00e1mara de v\u00eddeo para grabar. Se controlan desde la patilla o con un mando a distancia. La acci\u00f3n queda grabada en una tarjeta que se puede colocar el ordenador para ver lo grabado.<\/p>\n<figure id=\"attachment_1652\" aria-describedby=\"caption-attachment-1652\" style=\"width: 300px\" class=\"wp-caption aligncenter\"><a href=\"http:\/\/bermudiana.es\/blog\/wp-content\/uploads\/2017\/10\/gafas_de_sol_con_visera_a4803.jpg\"><img loading=\"lazy\" decoding=\"async\" class=\"size-medium wp-image-1652\" src=\"http:\/\/bermudiana.es\/blog\/wp-content\/uploads\/2017\/10\/gafas_de_sol_con_visera_a4803-300x300.jpg\" alt=\"gafas_de_sol_con_visera_a4803\" width=\"300\" height=\"300\" srcset=\"https:\/\/bermudiana.es\/blog\/wp-content\/uploads\/2017\/10\/gafas_de_sol_con_visera_a4803-300x300.jpg 300w, https:\/\/bermudiana.es\/blog\/wp-content\/uploads\/2017\/10\/gafas_de_sol_con_visera_a4803-150x150.jpg 150w, https:\/\/bermudiana.es\/blog\/wp-content\/uploads\/2017\/10\/gafas_de_sol_con_visera_a4803-320x320.jpg 320w, https:\/\/bermudiana.es\/blog\/wp-content\/uploads\/2017\/10\/gafas_de_sol_con_visera_a4803-75x75.jpg 75w, https:\/\/bermudiana.es\/blog\/wp-content\/uploads\/2017\/10\/gafas_de_sol_con_visera_a4803-210x210.jpg 210w, https:\/\/bermudiana.es\/blog\/wp-content\/uploads\/2017\/10\/gafas_de_sol_con_visera_a4803-145x145.jpg 145w, https:\/\/bermudiana.es\/blog\/wp-content\/uploads\/2017\/10\/gafas_de_sol_con_visera_a4803.jpg 446w\" sizes=\"auto, (max-width: 300px) 100vw, 300px\" \/><\/a><figcaption id=\"caption-attachment-1652\" class=\"wp-caption-text\">Gafas de sol con visera incorporada.<\/figcaption><\/figure>\n<p style=\"text-align: justify;\">En la foto superior vemos\u00a0unas gafas de sol que tienen incorporada una visera. Adem\u00e1s de ser diferentes, permiten una buena superficie de personalizaci\u00f3n.<\/p>\n<p style=\"text-align: justify;\">En las fotos siguientes hay dos ejemplos de gafas de sol diferentes en el producto. Unas con la montura de colo transparente, y la otra que es plegable.<\/p>\n<p><a href=\"https:\/\/bermudiana.es\/blog\/wp-content\/uploads\/2020\/06\/gafas-de-sol-personalizadas-A4581-surtidobr.jpg\"><img loading=\"lazy\" decoding=\"async\" class=\"size-medium wp-image-2339 aligncenter\" src=\"https:\/\/bermudiana.es\/blog\/wp-content\/uploads\/2020\/06\/gafas-de-sol-personalizadas-A4581-surtidobr-300x262.jpg\" alt=\"gafas-de-sol-personalizadas-A4581-surtidobr\" width=\"300\" height=\"262\" srcset=\"https:\/\/bermudiana.es\/blog\/wp-content\/uploads\/2020\/06\/gafas-de-sol-personalizadas-A4581-surtidobr-300x262.jpg 300w, https:\/\/bermudiana.es\/blog\/wp-content\/uploads\/2020\/06\/gafas-de-sol-personalizadas-A4581-surtidobr-768x670.jpg 768w, https:\/\/bermudiana.es\/blog\/wp-content\/uploads\/2020\/06\/gafas-de-sol-personalizadas-A4581-surtidobr.jpg 780w\" sizes=\"auto, (max-width: 300px) 100vw, 300px\" \/><\/a><\/p>\n<p><a href=\"https:\/\/bermudiana.es\/blog\/wp-content\/uploads\/2020\/06\/gafas-de-sol-personalizadas-C8019-evolucion.jpg\"><img loading=\"lazy\" decoding=\"async\" class=\"aligncenter wp-image-2340 size-medium\" src=\"https:\/\/bermudiana.es\/blog\/wp-content\/uploads\/2020\/06\/gafas-de-sol-personalizadas-C8019-evolucion-300x100.jpg\" alt=\"gafas-de-sol-personalizadas-C8019-evolucion\" width=\"300\" height=\"100\" srcset=\"https:\/\/bermudiana.es\/blog\/wp-content\/uploads\/2020\/06\/gafas-de-sol-personalizadas-C8019-evolucion-300x100.jpg 300w, https:\/\/bermudiana.es\/blog\/wp-content\/uploads\/2020\/06\/gafas-de-sol-personalizadas-C8019-evolucion-1024x341.jpg 1024w, https:\/\/bermudiana.es\/blog\/wp-content\/uploads\/2020\/06\/gafas-de-sol-personalizadas-C8019-evolucion-768x256.jpg 768w, https:\/\/bermudiana.es\/blog\/wp-content\/uploads\/2020\/06\/gafas-de-sol-personalizadas-C8019-evolucion-1536x511.jpg 1536w, https:\/\/bermudiana.es\/blog\/wp-content\/uploads\/2020\/06\/gafas-de-sol-personalizadas-C8019-evolucion.jpg 1929w\" sizes=\"auto, (max-width: 300px) 100vw, 300px\" \/><\/a><\/p>\n<p style=\"text-align: justify;\">Hay veces que la diferenciaci\u00f3n est\u00e1 en la <strong>presentaci\u00f3n<\/strong>. Y en el caso que nos ocupa tenemos la interesante alternativa de personalizar la presentaci\u00f3n en la funda para las gafas. Es el caso de la funda para gafas (que tambi\u00e9n sirve para limpiar la lente) de la siguiente foto. Son m\u00e1s de <strong>300 cm2<\/strong> de microfibra que se pueden <strong>personalizar a todo color<\/strong>.<\/p>\n<figure id=\"attachment_632\" aria-describedby=\"caption-attachment-632\" style=\"width: 300px\" class=\"wp-caption aligncenter\"><a href=\"http:\/\/bermudiana.es\/blog\/wp-content\/uploads\/2015\/04\/Funda-gafas-microfibra-ZO1058.jpg\"><img loading=\"lazy\" decoding=\"async\" class=\"wp-image-632 size-medium\" src=\"http:\/\/bermudiana.es\/blog\/wp-content\/uploads\/2015\/04\/Funda-gafas-microfibra-ZO1058-300x200.jpg\" alt=\"Funda gafas microfibra a todo color\" width=\"300\" height=\"200\" srcset=\"https:\/\/bermudiana.es\/blog\/wp-content\/uploads\/2015\/04\/Funda-gafas-microfibra-ZO1058-300x200.jpg 300w, https:\/\/bermudiana.es\/blog\/wp-content\/uploads\/2015\/04\/Funda-gafas-microfibra-ZO1058-320x213.jpg 320w, https:\/\/bermudiana.es\/blog\/wp-content\/uploads\/2015\/04\/Funda-gafas-microfibra-ZO1058-145x96.jpg 145w, https:\/\/bermudiana.es\/blog\/wp-content\/uploads\/2015\/04\/Funda-gafas-microfibra-ZO1058-495x330.jpg 495w, https:\/\/bermudiana.es\/blog\/wp-content\/uploads\/2015\/04\/Funda-gafas-microfibra-ZO1058.jpg 543w\" sizes=\"auto, (max-width: 300px) 100vw, 300px\" \/><\/a><figcaption id=\"caption-attachment-632\" class=\"wp-caption-text\">Impresi\u00f3n a todo color por sublimaci\u00f3n.<\/figcaption><\/figure>\n<p style=\"text-align: justify;\">Entra en la categor\u00eda <span style=\"color: #3366ff;\"><span style=\"color: #0000ff;\"><a style=\"color: #0000ff;\" href=\"http:\/\/bermudiana.es\/148-gafas-y-complementos?\" target=\"_blank\" rel=\"noopener noreferrer\">Gafas y complementos<\/a><\/span> <span style=\"color: #000000;\">de la web de Bermudiana<\/span><\/span> para ver otras alternativas de gafas de sol para personalizar con la imagen de tu empresa, tu lanzamiento, tu celebraci\u00f3n, tu evento&#8230;<\/p>\n<p style=\"text-align: justify;\"><span style=\"color: #3366ff;\"><a style=\"color: #3366ff;\" title=\"Ir a la p\u00e1gina de contacto\" href=\"http:\/\/bermudiana.es\/es\/contactenos\" target=\"_blank\" rel=\"noopener noreferrer\">Cont\u00e1ctanos<\/a><\/span> si quieres tener m\u00e1s informaci\u00f3n sobre gafas de sol personalizadas u otra idea de art\u00edculo publicitario para este verano.<\/p>\n<p>Bermudiana, S.L.<\/p>\n","protected":false},"excerpt":{"rendered":"<p>\u00bfPor qu\u00e9 regalar gafas de sol personalizadas? Por<\/p>\n","protected":false},"author":2,"featured_media":1653,"comment_status":"open","ping_status":"open","sticky":false,"template":"","format":"standard","meta":{"footnotes":""},"categories":[4,8],"tags":[],"class_list":["post-629","post","type-post","status-publish","format-standard","has-post-thumbnail","hentry","category-ideas-de-regalos-publicitarios","category-regalos-de-empresa-originales"],"yoast_head":"<!-- This site is optimized with the Yoast SEO plugin v24.9 - https:\/\/yoast.com\/wordpress\/plugins\/seo\/ -->\n<title>Ideas para gafas de sol personalizadas | Blog Bermudiana<\/title>\n<meta name=\"description\" content=\"Ideas de gafas de sol personalizadas como art\u00edculo publicitario, con la imagen de tu empresa. En la lente, la montura y la funda. Seg\u00fan normas CE.\" \/>\n<meta name=\"robots\" content=\"index, follow, max-snippet:-1, max-image-preview:large, max-video-preview:-1\" \/>\n<link rel=\"canonical\" href=\"https:\/\/bermudiana.es\/blog\/gafas-de-sol-personalizadas\/\" \/>\n<meta property=\"og:locale\" content=\"es_ES\" \/>\n<meta property=\"og:type\" content=\"article\" \/>\n<meta property=\"og:title\" content=\"Ideas para gafas de sol personalizadas | Blog Bermudiana\" \/>\n<meta property=\"og:description\" content=\"Ideas de gafas de sol personalizadas como art\u00edculo publicitario, con la imagen de tu empresa. En la lente, la montura y la funda. Seg\u00fan normas CE.\" \/>\n<meta property=\"og:url\" content=\"https:\/\/bermudiana.es\/blog\/gafas-de-sol-personalizadas\/\" \/>\n<meta property=\"og:site_name\" content=\"Blog del regalo publicitario, regalo de empresa y merchandising\" \/>\n<meta property=\"article:published_time\" content=\"2015-04-30T09:42:25+00:00\" \/>\n<meta property=\"article:modified_time\" content=\"2020-07-04T11:05:45+00:00\" \/>\n<meta property=\"og:image\" content=\"https:\/\/bermudiana.es\/blog\/wp-content\/uploads\/2017\/10\/gafas-con-camara.jpg\" \/>\n\t<meta property=\"og:image:width\" content=\"564\" \/>\n\t<meta property=\"og:image:height\" content=\"564\" \/>\n\t<meta property=\"og:image:type\" content=\"image\/jpeg\" \/>\n<meta name=\"author\" content=\"Jos\u00e9 M\u00aa Gonzalez Prat\" \/>\n<meta name=\"twitter:card\" content=\"summary_large_image\" \/>\n<meta name=\"twitter:label1\" content=\"Escrito por\" \/>\n\t<meta name=\"twitter:data1\" content=\"Jos\u00e9 M\u00aa Gonzalez Prat\" \/>\n\t<meta name=\"twitter:label2\" content=\"Tiempo de lectura\" \/>\n\t<meta name=\"twitter:data2\" content=\"2 minutos\" \/>\n<script type=\"application\/ld+json\" class=\"yoast-schema-graph\">{\"@context\":\"https:\/\/schema.org\",\"@graph\":[{\"@type\":\"Article\",\"@id\":\"https:\/\/bermudiana.es\/blog\/gafas-de-sol-personalizadas\/#article\",\"isPartOf\":{\"@id\":\"https:\/\/bermudiana.es\/blog\/gafas-de-sol-personalizadas\/\"},\"author\":{\"name\":\"Jos\u00e9 M\u00aa Gonzalez Prat\",\"@id\":\"https:\/\/bermudiana.es\/blog\/#\/schema\/person\/a7c9d26e4faf9b9b6e548dbff80e5559\"},\"headline\":\"Las gafas de sol personalizadas son para el verano\",\"datePublished\":\"2015-04-30T09:42:25+00:00\",\"dateModified\":\"2020-07-04T11:05:45+00:00\",\"mainEntityOfPage\":{\"@id\":\"https:\/\/bermudiana.es\/blog\/gafas-de-sol-personalizadas\/\"},\"wordCount\":459,\"commentCount\":0,\"publisher\":{\"@id\":\"https:\/\/bermudiana.es\/blog\/#organization\"},\"image\":{\"@id\":\"https:\/\/bermudiana.es\/blog\/gafas-de-sol-personalizadas\/#primaryimage\"},\"thumbnailUrl\":\"https:\/\/bermudiana.es\/blog\/wp-content\/uploads\/2017\/10\/gafas-con-camara.jpg\",\"articleSection\":[\"Ideas de regalos publicitarios\",\"Regalos de empresa originales\"],\"inLanguage\":\"es\",\"potentialAction\":[{\"@type\":\"CommentAction\",\"name\":\"Comment\",\"target\":[\"https:\/\/bermudiana.es\/blog\/gafas-de-sol-personalizadas\/#respond\"]}]},{\"@type\":\"WebPage\",\"@id\":\"https:\/\/bermudiana.es\/blog\/gafas-de-sol-personalizadas\/\",\"url\":\"https:\/\/bermudiana.es\/blog\/gafas-de-sol-personalizadas\/\",\"name\":\"Ideas para gafas de sol personalizadas | Blog Bermudiana\",\"isPartOf\":{\"@id\":\"https:\/\/bermudiana.es\/blog\/#website\"},\"primaryImageOfPage\":{\"@id\":\"https:\/\/bermudiana.es\/blog\/gafas-de-sol-personalizadas\/#primaryimage\"},\"image\":{\"@id\":\"https:\/\/bermudiana.es\/blog\/gafas-de-sol-personalizadas\/#primaryimage\"},\"thumbnailUrl\":\"https:\/\/bermudiana.es\/blog\/wp-content\/uploads\/2017\/10\/gafas-con-camara.jpg\",\"datePublished\":\"2015-04-30T09:42:25+00:00\",\"dateModified\":\"2020-07-04T11:05:45+00:00\",\"description\":\"Ideas de gafas de sol personalizadas como art\u00edculo publicitario, con la imagen de tu empresa. En la lente, la montura y la funda. Seg\u00fan normas CE.\",\"breadcrumb\":{\"@id\":\"https:\/\/bermudiana.es\/blog\/gafas-de-sol-personalizadas\/#breadcrumb\"},\"inLanguage\":\"es\",\"potentialAction\":[{\"@type\":\"ReadAction\",\"target\":[\"https:\/\/bermudiana.es\/blog\/gafas-de-sol-personalizadas\/\"]}]},{\"@type\":\"ImageObject\",\"inLanguage\":\"es\",\"@id\":\"https:\/\/bermudiana.es\/blog\/gafas-de-sol-personalizadas\/#primaryimage\",\"url\":\"https:\/\/bermudiana.es\/blog\/wp-content\/uploads\/2017\/10\/gafas-con-camara.jpg\",\"contentUrl\":\"https:\/\/bermudiana.es\/blog\/wp-content\/uploads\/2017\/10\/gafas-con-camara.jpg\",\"width\":564,\"height\":564,\"caption\":\"gafas-con-camara\"},{\"@type\":\"BreadcrumbList\",\"@id\":\"https:\/\/bermudiana.es\/blog\/gafas-de-sol-personalizadas\/#breadcrumb\",\"itemListElement\":[{\"@type\":\"ListItem\",\"position\":1,\"name\":\"Portada\",\"item\":\"https:\/\/bermudiana.es\/blog\/\"},{\"@type\":\"ListItem\",\"position\":2,\"name\":\"Las gafas de sol personalizadas son para el verano\"}]},{\"@type\":\"WebSite\",\"@id\":\"https:\/\/bermudiana.es\/blog\/#website\",\"url\":\"https:\/\/bermudiana.es\/blog\/\",\"name\":\"Blog del regalo publicitario, regalo de empresa y merchandising\",\"description\":\"\",\"publisher\":{\"@id\":\"https:\/\/bermudiana.es\/blog\/#organization\"},\"potentialAction\":[{\"@type\":\"SearchAction\",\"target\":{\"@type\":\"EntryPoint\",\"urlTemplate\":\"https:\/\/bermudiana.es\/blog\/?s={search_term_string}\"},\"query-input\":{\"@type\":\"PropertyValueSpecification\",\"valueRequired\":true,\"valueName\":\"search_term_string\"}}],\"inLanguage\":\"es\"},{\"@type\":\"Organization\",\"@id\":\"https:\/\/bermudiana.es\/blog\/#organization\",\"name\":\"Bermudiana, S.L.\",\"url\":\"https:\/\/bermudiana.es\/blog\/\",\"logo\":{\"@type\":\"ImageObject\",\"inLanguage\":\"es\",\"@id\":\"https:\/\/bermudiana.es\/blog\/#\/schema\/logo\/image\/\",\"url\":\"https:\/\/bermudiana.es\/blog\/wp-content\/uploads\/2018\/09\/Logo-Blog-BMD.jpg\",\"contentUrl\":\"https:\/\/bermudiana.es\/blog\/wp-content\/uploads\/2018\/09\/Logo-Blog-BMD.jpg\",\"width\":308,\"height\":79,\"caption\":\"Bermudiana, S.L.\"},\"image\":{\"@id\":\"https:\/\/bermudiana.es\/blog\/#\/schema\/logo\/image\/\"}},{\"@type\":\"Person\",\"@id\":\"https:\/\/bermudiana.es\/blog\/#\/schema\/person\/a7c9d26e4faf9b9b6e548dbff80e5559\",\"name\":\"Jos\u00e9 M\u00aa Gonzalez Prat\",\"image\":{\"@type\":\"ImageObject\",\"inLanguage\":\"es\",\"@id\":\"https:\/\/bermudiana.es\/blog\/#\/schema\/person\/image\/\",\"url\":\"https:\/\/secure.gravatar.com\/avatar\/ad95bbf9ac78eec00ca510b783c3bd44?s=96&d=mm&r=g\",\"contentUrl\":\"https:\/\/secure.gravatar.com\/avatar\/ad95bbf9ac78eec00ca510b783c3bd44?s=96&d=mm&r=g\",\"caption\":\"Jos\u00e9 M\u00aa Gonzalez Prat\"},\"sameAs\":[\"http:\/\/bermudiana.es\"],\"url\":\"https:\/\/bermudiana.es\/blog\/author\/jmgonzalez\/\"}]}<\/script>\n<!-- \/ Yoast SEO plugin. -->","yoast_head_json":{"title":"Ideas para gafas de sol personalizadas | Blog Bermudiana","description":"Ideas de gafas de sol personalizadas como art\u00edculo publicitario, con la imagen de tu empresa. En la lente, la montura y la funda. Seg\u00fan normas CE.","robots":{"index":"index","follow":"follow","max-snippet":"max-snippet:-1","max-image-preview":"max-image-preview:large","max-video-preview":"max-video-preview:-1"},"canonical":"https:\/\/bermudiana.es\/blog\/gafas-de-sol-personalizadas\/","og_locale":"es_ES","og_type":"article","og_title":"Ideas para gafas de sol personalizadas | Blog Bermudiana","og_description":"Ideas de gafas de sol personalizadas como art\u00edculo publicitario, con la imagen de tu empresa. En la lente, la montura y la funda. Seg\u00fan normas CE.","og_url":"https:\/\/bermudiana.es\/blog\/gafas-de-sol-personalizadas\/","og_site_name":"Blog del regalo publicitario, regalo de empresa y merchandising","article_published_time":"2015-04-30T09:42:25+00:00","article_modified_time":"2020-07-04T11:05:45+00:00","og_image":[{"width":564,"height":564,"url":"https:\/\/bermudiana.es\/blog\/wp-content\/uploads\/2017\/10\/gafas-con-camara.jpg","type":"image\/jpeg"}],"author":"Jos\u00e9 M\u00aa Gonzalez Prat","twitter_card":"summary_large_image","twitter_misc":{"Escrito por":"Jos\u00e9 M\u00aa Gonzalez Prat","Tiempo de lectura":"2 minutos"},"schema":{"@context":"https:\/\/schema.org","@graph":[{"@type":"Article","@id":"https:\/\/bermudiana.es\/blog\/gafas-de-sol-personalizadas\/#article","isPartOf":{"@id":"https:\/\/bermudiana.es\/blog\/gafas-de-sol-personalizadas\/"},"author":{"name":"Jos\u00e9 M\u00aa Gonzalez Prat","@id":"https:\/\/bermudiana.es\/blog\/#\/schema\/person\/a7c9d26e4faf9b9b6e548dbff80e5559"},"headline":"Las gafas de sol personalizadas son para el verano","datePublished":"2015-04-30T09:42:25+00:00","dateModified":"2020-07-04T11:05:45+00:00","mainEntityOfPage":{"@id":"https:\/\/bermudiana.es\/blog\/gafas-de-sol-personalizadas\/"},"wordCount":459,"commentCount":0,"publisher":{"@id":"https:\/\/bermudiana.es\/blog\/#organization"},"image":{"@id":"https:\/\/bermudiana.es\/blog\/gafas-de-sol-personalizadas\/#primaryimage"},"thumbnailUrl":"https:\/\/bermudiana.es\/blog\/wp-content\/uploads\/2017\/10\/gafas-con-camara.jpg","articleSection":["Ideas de regalos publicitarios","Regalos de empresa originales"],"inLanguage":"es","potentialAction":[{"@type":"CommentAction","name":"Comment","target":["https:\/\/bermudiana.es\/blog\/gafas-de-sol-personalizadas\/#respond"]}]},{"@type":"WebPage","@id":"https:\/\/bermudiana.es\/blog\/gafas-de-sol-personalizadas\/","url":"https:\/\/bermudiana.es\/blog\/gafas-de-sol-personalizadas\/","name":"Ideas para gafas de sol personalizadas | Blog Bermudiana","isPartOf":{"@id":"https:\/\/bermudiana.es\/blog\/#website"},"primaryImageOfPage":{"@id":"https:\/\/bermudiana.es\/blog\/gafas-de-sol-personalizadas\/#primaryimage"},"image":{"@id":"https:\/\/bermudiana.es\/blog\/gafas-de-sol-personalizadas\/#primaryimage"},"thumbnailUrl":"https:\/\/bermudiana.es\/blog\/wp-content\/uploads\/2017\/10\/gafas-con-camara.jpg","datePublished":"2015-04-30T09:42:25+00:00","dateModified":"2020-07-04T11:05:45+00:00","description":"Ideas de gafas de sol personalizadas como art\u00edculo publicitario, con la imagen de tu empresa. En la lente, la montura y la funda. Seg\u00fan normas CE.","breadcrumb":{"@id":"https:\/\/bermudiana.es\/blog\/gafas-de-sol-personalizadas\/#breadcrumb"},"inLanguage":"es","potentialAction":[{"@type":"ReadAction","target":["https:\/\/bermudiana.es\/blog\/gafas-de-sol-personalizadas\/"]}]},{"@type":"ImageObject","inLanguage":"es","@id":"https:\/\/bermudiana.es\/blog\/gafas-de-sol-personalizadas\/#primaryimage","url":"https:\/\/bermudiana.es\/blog\/wp-content\/uploads\/2017\/10\/gafas-con-camara.jpg","contentUrl":"https:\/\/bermudiana.es\/blog\/wp-content\/uploads\/2017\/10\/gafas-con-camara.jpg","width":564,"height":564,"caption":"gafas-con-camara"},{"@type":"BreadcrumbList","@id":"https:\/\/bermudiana.es\/blog\/gafas-de-sol-personalizadas\/#breadcrumb","itemListElement":[{"@type":"ListItem","position":1,"name":"Portada","item":"https:\/\/bermudiana.es\/blog\/"},{"@type":"ListItem","position":2,"name":"Las gafas de sol personalizadas son para el verano"}]},{"@type":"WebSite","@id":"https:\/\/bermudiana.es\/blog\/#website","url":"https:\/\/bermudiana.es\/blog\/","name":"Blog del regalo publicitario, regalo de empresa y merchandising","description":"","publisher":{"@id":"https:\/\/bermudiana.es\/blog\/#organization"},"potentialAction":[{"@type":"SearchAction","target":{"@type":"EntryPoint","urlTemplate":"https:\/\/bermudiana.es\/blog\/?s={search_term_string}"},"query-input":{"@type":"PropertyValueSpecification","valueRequired":true,"valueName":"search_term_string"}}],"inLanguage":"es"},{"@type":"Organization","@id":"https:\/\/bermudiana.es\/blog\/#organization","name":"Bermudiana, S.L.","url":"https:\/\/bermudiana.es\/blog\/","logo":{"@type":"ImageObject","inLanguage":"es","@id":"https:\/\/bermudiana.es\/blog\/#\/schema\/logo\/image\/","url":"https:\/\/bermudiana.es\/blog\/wp-content\/uploads\/2018\/09\/Logo-Blog-BMD.jpg","contentUrl":"https:\/\/bermudiana.es\/blog\/wp-content\/uploads\/2018\/09\/Logo-Blog-BMD.jpg","width":308,"height":79,"caption":"Bermudiana, S.L."},"image":{"@id":"https:\/\/bermudiana.es\/blog\/#\/schema\/logo\/image\/"}},{"@type":"Person","@id":"https:\/\/bermudiana.es\/blog\/#\/schema\/person\/a7c9d26e4faf9b9b6e548dbff80e5559","name":"Jos\u00e9 M\u00aa Gonzalez Prat","image":{"@type":"ImageObject","inLanguage":"es","@id":"https:\/\/bermudiana.es\/blog\/#\/schema\/person\/image\/","url":"https:\/\/secure.gravatar.com\/avatar\/ad95bbf9ac78eec00ca510b783c3bd44?s=96&d=mm&r=g","contentUrl":"https:\/\/secure.gravatar.com\/avatar\/ad95bbf9ac78eec00ca510b783c3bd44?s=96&d=mm&r=g","caption":"Jos\u00e9 M\u00aa Gonzalez Prat"},"sameAs":["http:\/\/bermudiana.es"],"url":"https:\/\/bermudiana.es\/blog\/author\/jmgonzalez\/"}]}},"post_mailing_queue_ids":[],"_links":{"self":[{"href":"https:\/\/bermudiana.es\/blog\/wp-json\/wp\/v2\/posts\/629","targetHints":{"allow":["GET"]}}],"collection":[{"href":"https:\/\/bermudiana.es\/blog\/wp-json\/wp\/v2\/posts"}],"about":[{"href":"https:\/\/bermudiana.es\/blog\/wp-json\/wp\/v2\/types\/post"}],"author":[{"embeddable":true,"href":"https:\/\/bermudiana.es\/blog\/wp-json\/wp\/v2\/users\/2"}],"replies":[{"embeddable":true,"href":"https:\/\/bermudiana.es\/blog\/wp-json\/wp\/v2\/comments?post=629"}],"version-history":[{"count":7,"href":"https:\/\/bermudiana.es\/blog\/wp-json\/wp\/v2\/posts\/629\/revisions"}],"predecessor-version":[{"id":2357,"href":"https:\/\/bermudiana.es\/blog\/wp-json\/wp\/v2\/posts\/629\/revisions\/2357"}],"wp:featuredmedia":[{"embeddable":true,"href":"https:\/\/bermudiana.es\/blog\/wp-json\/wp\/v2\/media\/1653"}],"wp:attachment":[{"href":"https:\/\/bermudiana.es\/blog\/wp-json\/wp\/v2\/media?parent=629"}],"wp:term":[{"taxonomy":"category","embeddable":true,"href":"https:\/\/bermudiana.es\/blog\/wp-json\/wp\/v2\/categories?post=629"},{"taxonomy":"post_tag","embeddable":true,"href":"https:\/\/bermudiana.es\/blog\/wp-json\/wp\/v2\/tags?post=629"}],"curies":[{"name":"wp","href":"https:\/\/api.w.org\/{rel}","templated":true}]}}